{"id":4125,"date":"2020-09-15T15:27:11","date_gmt":"2020-09-15T15:27:11","guid":{"rendered":"http:\/\/uit-ci.org\/index.php\/2020\/09\/15\/turquie-la-formule-derdogan-pour-la-durabilite-mensonges-guerre-et-repression\/"},"modified":"2020-09-15T15:27:11","modified_gmt":"2020-09-15T15:27:11","slug":"turquie-la-formule-derdogan-pour-la-durabilite-mensonges-guerre-et-repression","status":"publish","type":"post","link":"https:\/\/uit-ci.org\/index.php\/2020\/09\/15\/turquie-la-formule-derdogan-pour-la-durabilite-mensonges-guerre-et-repression\/","title":{"rendered":"Turquie : La formule d&#8217;Erdogan pour la durabilit\u00e9: mensonges, guerre et r\u00e9pression!"},"content":{"rendered":"<p style=\"text-align: justify;\"><span style=\"font-family: arial, helvetica, sans-serif; font-size: small;\"><img loading=\"lazy\" class=\" alignleft size-full wp-image-4107\" src=\"http:\/\/uit-ci.org\/wp-content\/uploads\/2020\/09\/5f562444d8583.jpg\" width=\"267\" height=\"150\" alt=\"5f562444d8583\" style=\"margin: 5px; float: left;\" srcset=\"https:\/\/uit-ci.org\/wp-content\/uploads\/2020\/09\/5f562444d8583.jpg 1920w, https:\/\/uit-ci.org\/wp-content\/uploads\/2020\/09\/5f562444d8583-300x169.jpg 300w, https:\/\/uit-ci.org\/wp-content\/uploads\/2020\/09\/5f562444d8583-1024x576.jpg 1024w, https:\/\/uit-ci.org\/wp-content\/uploads\/2020\/09\/5f562444d8583-768x432.jpg 768w, https:\/\/uit-ci.org\/wp-content\/uploads\/2020\/09\/5f562444d8583-1536x864.jpg 1536w, https:\/\/uit-ci.org\/wp-content\/uploads\/2020\/09\/5f562444d8583-600x338.jpg 600w, https:\/\/uit-ci.org\/wp-content\/uploads\/2020\/09\/5f562444d8583-750x422.jpg 750w, https:\/\/uit-ci.org\/wp-content\/uploads\/2020\/09\/5f562444d8583-1140x641.jpg 1140w\" sizes=\"(max-width: 267px) 100vw, 267px\" \/>La perspective de destruction dont Erdogan est responsable porte de plus en plus ateinte \u00e0 tous les aspects de la vie des travailleurs turcs. La situation \u00e9conomique est grave.<\/span><\/p>\n<p>  <!--more-->  <\/p>\n<p style=\"text-align: justify;\"><span style=\"font-family: arial, helvetica, sans-serif; font-size: small;\">Ce que nous appelons le ch\u00f4mage a atteint 18 millions de personnes. La nouvelle augmentation de la monnaie \u00e9trang\u00e8re signifie une hausse du co\u00fbt de la vie et une augmentation des pertes de salaire. L&#8217;\u00e9conomie s&#8217;est contract\u00e9e de 10 % au deuxi\u00e8me trimestre de l&#8217;ann\u00e9e, m\u00eame selon les chiffres officiels qui ont perdu leur cr\u00e9dibilit\u00e9 il y a longtemps. La pauvret\u00e9 et l&#8217;effondrement \u00e9conomique sans pr\u00e9c\u00e9dent dissolvent la base de la coalition du r\u00e9gime Erdogan et l&#8217;Alliance du peuple (AKP). Erdogan, incapable d\u2019 obtenir un consensus, tente de prolonger sa vie par des mensonges et par des politiques d&#8217;agression et d&#8217;oppression.<\/span><\/p>\n<p style=\"text-align: justify;\"><span style=\"font-family: arial, helvetica, sans-serif; font-size: small;\">Erdogan a recours aux mensonges et aux \u00abbonnes nouvelles\u00bb pour dissimuler la destruction de l&#8217;\u00e9conomie. Ni les donn\u00e9es officielles sur l&#8217;inflation et le ch\u00f4mage, ni les donn\u00e9es sur les coronavirus annonc\u00e9es par le gouvernement sont plausibles. Les gestionnaires \u00e9conomiques tr\u00e8s intelligents du r\u00e9gime doivent \u00eatre conscients de cette incr\u00e9dulit\u00e9, car ils tentent de renforcer leurs mensonges syst\u00e9matiques en pr\u00e9sentant de \u00abbonnes nouvelles. Si leurs efforts pour annoncer une \u00abbonne nouvelle\u00bb sur une \u00abbonne nouvelle\u00bb sont admirables, ces efforts produisent rarement le r\u00e9sultat escompt\u00e9. Par exemple, l&#8217;effet de la conversion de Sainte-Sophie en mosqu\u00e9e a \u00e9t\u00e9 de courte dur\u00e9e dans l&#8217;opinion publique. D&#8217;o\u00f9 une nouvelle \u00e9dition de la \u00abbonne nouvelle\u00bb annon\u00e7ant que des gisements miraculeux de gaz naturel ont \u00e9t\u00e9 d\u00e9couverts en mer Noire. \u00c9videmment, personne ne se soucie de mentionner le fait que le co\u00fbt d&#8217;extraction de ce d\u00e9p\u00f4t est presque \u00e9gal aux revenus attendus de celui-ci ! Les tensions en M\u00e9diterran\u00e9e orientale, notre \u00abd\u00e9fense de la patrie bleue\u00bb et les \u00absucc\u00e8s militaires\u00bb ont \u00e9t\u00e9 en t\u00eate de l&#8217;ordre du jour lorsque la \u00abbonne nouvelle\u00bb du gaz naturel n&#8217;a pas eu l&#8217;impact positif escompt\u00e9 sur l&#8217;\u00e9conomie.<\/span><\/p>\n<p style=\"text-align: justify;\"><span style=\"font-family: arial, helvetica, sans-serif; font-size: small;\">Erdogan a mis en place une politique ext\u00e9rieure expansioniste et aventuri\u00e8re pour longtemps. D\u2019une part cette politique alimente les discours de la \u201csurvie\u201d et vise \u00e0 cr\u00e9er un soutien social incitant l\u2019 hyst\u00e9rie nationaliste et chauviniste. De l\u2019autre, elle permet \u00e0 Erdogan de d\u00e9clarer que n\u2019importe quelle sorte d\u2019opposition sociale \u00e0 son encontre constitue une \u201ctrahison\u201d, ce qui l\u00e9galise la mise en place de politiques r\u00e9pressives. De plus, son recherch\u00e9s de nouveaux secteurs d\u2019expansion de fabriques d\u2019armements, de construction et energ\u00e9tiques qui se sont d\u00e9velopp\u00e9es sous la protection du r\u00e9gime.<\/span><\/p>\n<p style=\"text-align: justify;\"><span style=\"font-family: arial, helvetica, sans-serif; font-size: small;\">Nous devons lire les derni\u00e8res tensions avec la Gr\u00e8ce dans le cadre de ce processus. Erdogan n&#8217;a m\u00eame pas mentionn\u00e9 la possibilit\u00e9 d&#8217;une voie diplomatique pour l&#8217;exploitation des gisements de p\u00e9trole et de gaz naturel en M\u00e9diterran\u00e9e orientale. Il a choisi d&#8217;affronter la Gr\u00e8ce, l&#8217;\u00c9gypte et le sud de Chypre, et de commencer \u00e0 renforcer son activit\u00e9 militaire en M\u00e9diterran\u00e9e orientale. Des politiques similaires ont \u00e9t\u00e9 mises en \u0153uvre par les gouvernements bourgeois d&#8217;\u00c9gypte, de Gr\u00e8ce et du sud de Chypre et par l&#8217;\u00c9tat sioniste d&#8217;Isra\u00ebl, qui continue \u00e0 piller les ressources de la Palestine. De plus, des \u00c9tats imp\u00e9rialistes comme la France, les \u00c9tats-Unis et l&#8217;Italie ont \u00e9t\u00e9 imm\u00e9diatement impliqu\u00e9s dans le processus pour obtenir leur part des ressources dans la r\u00e9gion. Par cons\u00e9quent, nous sommes confront\u00e9s \u00e0 des politiques d&#8217;agression que tous les gouvernements bourgeois de la r\u00e9gion appliquent au profit de leurs propres capitalistes et multinationales.<\/span><\/p>\n<p style=\"text-align: justify;\"><span style=\"font-family: arial, helvetica, sans-serif; font-size: small;\">Les habitants de la r\u00e9gion n&#8217;ont aucun int\u00e9r\u00eat dans ces politiques agressives et expansionnistes des gouvernements r\u00e9gionaux, y compris le r\u00e9gime r\u00e9actionnaire d&#8217;Erdogan. Toutes les richesses de la r\u00e9gion doivent \u00eatre utilis\u00e9es au profit de la classe ouvri\u00e8re et des secteurs populaires de la r\u00e9gion. Elle doit \u00eatre partag\u00e9e avec eux de mani\u00e8re fraternelle. Cependant, il n&#8217;est pas possible de mettre cel\u00e0 en discussion lorsqu&#8217;il s&#8217;agit des gisements de p\u00e9trole et de gaz naturel de la r\u00e9gion, pour lesquels soufflent des vents de guerre. Ces ressources naturelles, qui demandent un investissement important, ne servent ni \u00e0 l&#8217;humanit\u00e9 ni \u00e0 la nature. Car le r\u00e9chauffement climatique entra\u00eene le monde entier vers l&#8217;extinction. Nous devons nous tourner vers les ressources renouvelables et l&#8217;\u00e9nergie propre qui seront plus que suffisantes pour les populations de la M\u00e9diterran\u00e9e avec un investissement technologique appropri\u00e9, et non plus vers les combustibles fossiles. Cependant, les monopoles multinationaux de l&#8217;imp\u00e9rialisme et leurs petits partenaires dans la r\u00e9gion ne veulent que la piller. Pour plus de profit capitaliste, ils sont capables de tout, y compris d&#8217;entra\u00eener leurs peuples vers une guerre.<\/span><\/p>\n<p style=\"text-align: justify;\"><span style=\"font-family: arial, helvetica, sans-serif; font-size: small;\">Nous devons mettre fin \u00e0 la politique de guerre de ces gouvernements qui les encouragent en vue de plus grands profits et pour sauver leurs pouvoirs d\u00e9cadents. Une v\u00e9ritable rupture du r\u00e9gime d&#8217;Erdogan, qui tente de maintenir son pouvoir par le discours de la \u00absurvie\u00bb, des mensonges syst\u00e9matiques et des politiques r\u00e9pressives, est possible. Pour ce faire, nous devons pouvoir postuler une alternative ind\u00e9pendante de classe en faveur de la classe ouvri\u00e8re, de la nature et de la fraternit\u00e9 des peuples de la r\u00e9gion.<\/span><\/p>\n<p style=\"text-align: justify;\"><span style=\"font-family: arial, helvetica, sans-serif; font-size: small;\">Parti de la d\u00e9mocratie des travailleurs (IDP), section Turquie de l&#8217;UIT-CI.<\/span><\/p>\n<p style=\"text-align: justify;\"><span style=\"font-family: arial, helvetica, sans-serif; font-size: small;\">4 septembre 2020<\/span><\/p>\n","protected":false},"excerpt":{"rendered":"<p>La perspective de destruction dont Erdogan est responsable porte de plus en plus ateinte \u00e0 tous les aspects de la vie des travailleurs turcs. La situation \u00e9conomique est grave.<\/p>\n","protected":false},"author":1,"featured_media":4107,"comment_status":"open","ping_status":"open","sticky":false,"template":"","format":"standard","meta":[],"categories":[53],"tags":[],"_links":{"self":[{"href":"https:\/\/uit-ci.org\/index.php\/wp-json\/wp\/v2\/posts\/4125"}],"collection":[{"href":"https:\/\/uit-ci.org\/index.php\/wp-json\/wp\/v2\/posts"}],"about":[{"href":"https:\/\/uit-ci.org\/index.php\/wp-json\/wp\/v2\/types\/post"}],"author":[{"embeddable":true,"href":"https:\/\/uit-ci.org\/index.php\/wp-json\/wp\/v2\/users\/1"}],"replies":[{"embeddable":true,"href":"https:\/\/uit-ci.org\/index.php\/wp-json\/wp\/v2\/comments?post=4125"}],"version-history":[{"count":0,"href":"https:\/\/uit-ci.org\/index.php\/wp-json\/wp\/v2\/posts\/4125\/revisions"}],"wp:featuredmedia":[{"embeddable":true,"href":"https:\/\/uit-ci.org\/index.php\/wp-json\/wp\/v2\/media\/4107"}],"wp:attachment":[{"href":"https:\/\/uit-ci.org\/index.php\/wp-json\/wp\/v2\/media?parent=4125"}],"wp:term":[{"taxonomy":"category","embeddable":true,"href":"https:\/\/uit-ci.org\/index.php\/wp-json\/wp\/v2\/categories?post=4125"},{"taxonomy":"post_tag","embeddable":true,"href":"https:\/\/uit-ci.org\/index.php\/wp-json\/wp\/v2\/tags?post=4125"}],"curies":[{"name":"wp","href":"https:\/\/api.w.org\/{rel}","templated":true}]}}