{"id":4223,"date":"2020-10-14T16:36:46","date_gmt":"2020-10-14T16:36:46","guid":{"rendered":"http:\/\/uit-ci.org\/index.php\/2020\/10\/14\/colombia-vamos-con-todo-al-paro-nacional-del-21-de-octubre\/"},"modified":"2020-10-14T16:36:46","modified_gmt":"2020-10-14T16:36:46","slug":"colombia-vamos-con-todo-al-paro-nacional-del-21-de-octubre","status":"publish","type":"post","link":"https:\/\/uit-ci.org\/index.php\/2020\/10\/14\/colombia-vamos-con-todo-al-paro-nacional-del-21-de-octubre\/","title":{"rendered":"Colombia: \u00a1VAMOS CON TODO AL PARO NACIONAL DEL 21 DE OCTUBRE!"},"content":{"rendered":"<p style=\"text-align: justify;\"><strong><span style=\"font-family: arial, helvetica, sans-serif; font-size: small;\"><img loading=\"lazy\" class=\" alignleft size-full wp-image-4222\" src=\"http:\/\/uit-ci.org\/wp-content\/uploads\/2020\/10\/121147989_182939283391310_2819652162341188341_o.jpg\" width=\"188\" height=\"180\" alt=\"121147989 182939283391310 2819652162341188341 o\" style=\"margin: 5px; float: left;\" srcset=\"https:\/\/uit-ci.org\/wp-content\/uploads\/2020\/10\/121147989_182939283391310_2819652162341188341_o.jpg 1080w, https:\/\/uit-ci.org\/wp-content\/uploads\/2020\/10\/121147989_182939283391310_2819652162341188341_o-300x286.jpg 300w, https:\/\/uit-ci.org\/wp-content\/uploads\/2020\/10\/121147989_182939283391310_2819652162341188341_o-1024x976.jpg 1024w, https:\/\/uit-ci.org\/wp-content\/uploads\/2020\/10\/121147989_182939283391310_2819652162341188341_o-768x732.jpg 768w, https:\/\/uit-ci.org\/wp-content\/uploads\/2020\/10\/121147989_182939283391310_2819652162341188341_o-600x572.jpg 600w, https:\/\/uit-ci.org\/wp-content\/uploads\/2020\/10\/121147989_182939283391310_2819652162341188341_o-750x715.jpg 750w\" sizes=\"(max-width: 188px) 100vw, 188px\" \/><br style=\"clear: both;\" \/>Declaraci\u00f3n Pol\u00edtica de Colectivos Unidos<\/span><\/strong><\/p>\n<p style=\"text-align: justify;\"><span style=\"font-family: arial, helvetica, sans-serif; font-size: small;\">VIVA LA MINGA INDIGENA &#8211; EL PARO NACIONAL DEL MAGISTERIO &#8211; LA HUELGA EN EL CERREJON &#8211; LA REBELION DE LA JUVENTUD Y DEMAS SECTORES EN LUCHA<\/span><\/p>\n<p style=\"text-align: justify;\"><span style=\"font-family: arial, helvetica, sans-serif; font-size: small;\">Las luchas y levantamientos populares que iniciaron los j\u00f3venes contin\u00faan con el llamado a la calle de la Minga ind\u00edgena, el paro nacional de 48 convocado por Fecode y las centrales indicales para este 20 y 21 de octubre, la actual huelga de los trabajadores mineros del Cerrej\u00f3n en la Guajira y la convocatoria a Paro Nacional el 21 de octubre hecho por el Comando Nacional de Paro.<\/span><\/p>\n<p>  <!--more-->  <\/p>\n<p style=\"text-align: justify;\"><span style=\"font-family: arial, helvetica, sans-serif; font-size: small;\">Esa es la respuesta de lucha del pueblo colombiano contra el gobierno y su paquetazo econ\u00f3mico antipopular, por renta b\u00e1sica para los trabajadores informales, tierra y apoyo para el campesino, educaci\u00f3n gratuita en todos los niveles, salud a cargo del estado, respeto a los territorios de los pueblos ind\u00edgenas, protecci\u00f3n del medio ambiente, recuperar para el magisterio la dignificaci\u00f3n de la profesi\u00f3n derogando el estatuto docente establecido en el Decreto 1278 de 2002, por la soluci\u00f3n a las demandas de los mineros del Cerrej\u00f3n, en contra el Decreto 1174 que atenta contra los derechos laborales de la clase trabajadora y en contra de los asesinatos de j\u00f3venes y l\u00edderes sociales.<\/span><\/p>\n<p style=\"text-align: justify;\"><span style=\"font-family: arial, helvetica, sans-serif; font-size: small;\">Unidos, Movilizados y en Paro le respondemos al amedrentamiento, los asesinatos, la brutalidad policial, la criminalizaci\u00f3n de la protesta social y la represi\u00f3n por parte de la fuerza p\u00fablica en contra de cualquier manifestaci\u00f3n popular.<\/span><\/p>\n<p style=\"text-align: justify;\"><span style=\"font-family: arial, helvetica, sans-serif; font-size: small;\">Estamos convencidos que solo as\u00ed, a trav\u00e9s de la movilizaci\u00f3n y la unidad en la lucha podremos detener la tendencias dictatoriales del gobierno y avanzar en la conquista de nuestros m\u00e1s importantes derechos. De all\u00ed la importancia de apoyar las acciones de lucha existentes en la actualidad y comprometernos a participar en la realizaci\u00f3n del Paro Nacional convocado para este 21 de octubre.<\/span><\/p>\n<p style=\"text-align: justify;\"><span style=\"font-family: arial, helvetica, sans-serif; font-size: small;\">Sin embargo es necesario aclarar que nos diferenciamos del Comando Nacional de Paro que solo quieren hacer del 21 de Octubre una jornada de protesta limitada a luchar por un pliego m\u00ednimo que no satisface las necesidades del conjunto de la poblaci\u00f3n, ni mucho menos salir en defensa de \u00e9sta \u00abdemocracia burguesa\u00bb que reprime y asesina a lxs luchadorxs pero libera a los responsables de cr\u00edmenes de lesa humanidad.<\/span><\/p>\n<p style=\"text-align: justify;\"><span style=\"font-family: arial, helvetica, sans-serif; font-size: small;\">Hoy se hace necesario salir a las calles a pelear por nuestros derechos, para exigir que se honren los acuerdos suscritos con las organizaciones sindicales y sociales y se de cumplimiento a los compromisos adquiridos por Estado para garantizar la vida y plena reinserci\u00f3n social, econ\u00f3mica y pol\u00edtica a los excombatientes de las organizaciones insurgentes.<\/span><\/p>\n<p style=\"text-align: justify;\"><span style=\"font-family: arial, helvetica, sans-serif; font-size: small;\">No son los votos en las urnas del 2022 donde lograremos esto. Todo lo contrario, es ahora y en las calles al lado de lxs luchadorxs. Exhortamos a todos los sectores pol\u00edticos y sociales de corte alternativo a que se ganen los votos acompa\u00f1ando al pueblo en las calles y exigiendo la derogatoria de todo el paquete de decretos impuestos durante la pandemia por el gobierno Duque.<\/span><\/p>\n<p style=\"text-align: justify;\"><span style=\"font-family: arial, helvetica, sans-serif; font-size: small;\">La historia nos ha demostrado que las luchas aisladas-separadas por sectores, solo le sirven al gobierno para imponer su pol\u00edtica. En ese sentido hacemos el llamado a los j\u00f3venes, centrales obreras, Minga, Fecode, campesinas, sociales y pol\u00edticas consecuentes a confluir en una gran Mesa Nacional de Unidad que unifique a todos los sectores y convoque a un Encuentro Nacional de Emergencia que discuta y apruebe el Paro Nacional Indefinido que le imponga al gobierno duque una agenda y un pliego nacional construido desde las bases que ponga fin a las grandes necesidades del pueblo colombiano y de los trabajadores.<\/span><\/p>\n<p style=\"text-align: justify;\"><span style=\"font-family: arial, helvetica, sans-serif; font-size: small;\">\u00a1\u00a1\u00a1NO ES EN LA MESA DE CONCERTACI\u00d3N\u2026 ES CON LA UNIDAD, LA MOVILIZACI\u00d3N Y EL PARO NACIONAL INDEFINIDO COMO CONQUISTAREMOS NUESTROS DERECHOS!!!!<\/span><\/p>\n<p style=\"text-align: justify;\"><span style=\"font-family: arial, helvetica, sans-serif; font-size: small;\">COLECTIVOS UNIDOS<\/span><br \/><span style=\"font-family: arial, helvetica, sans-serif; font-size: small;\"><a href=\"mailto:colectivosunidos.uitci@gmail.com\">colectivosunidos.uitci@gmail.com<\/a><\/span><br \/><span style=\"font-family: arial, helvetica, sans-serif; font-size: small;\">Bogot\u00e1, 13 de octubre de 2020<\/span><\/p>\n","protected":false},"excerpt":{"rendered":"<p>Declaraci\u00f3n Pol\u00edtica de Colectivos Unidos VIVA LA MINGA INDIGENA &#8211; EL PARO NACIONAL DEL MAGISTERIO &#8211; LA HUELGA EN EL CERREJON &#8211; LA REBELION DE LA JUVENTUD Y DEMAS SECTORES EN LUCHA Las luchas y levantamientos populares que iniciaron los j\u00f3venes contin\u00faan con el llamado a la calle de la Minga ind\u00edgena, el paro nacional [&hellip;]<\/p>\n","protected":false},"author":1,"featured_media":4222,"comment_status":"open","ping_status":"open","sticky":false,"template":"","format":"standard","meta":[],"categories":[60],"tags":[],"_links":{"self":[{"href":"https:\/\/uit-ci.org\/index.php\/wp-json\/wp\/v2\/posts\/4223"}],"collection":[{"href":"https:\/\/uit-ci.org\/index.php\/wp-json\/wp\/v2\/posts"}],"about":[{"href":"https:\/\/uit-ci.org\/index.php\/wp-json\/wp\/v2\/types\/post"}],"author":[{"embeddable":true,"href":"https:\/\/uit-ci.org\/index.php\/wp-json\/wp\/v2\/users\/1"}],"replies":[{"embeddable":true,"href":"https:\/\/uit-ci.org\/index.php\/wp-json\/wp\/v2\/comments?post=4223"}],"version-history":[{"count":0,"href":"https:\/\/uit-ci.org\/index.php\/wp-json\/wp\/v2\/posts\/4223\/revisions"}],"wp:featuredmedia":[{"embeddable":true,"href":"https:\/\/uit-ci.org\/index.php\/wp-json\/wp\/v2\/media\/4222"}],"wp:attachment":[{"href":"https:\/\/uit-ci.org\/index.php\/wp-json\/wp\/v2\/media?parent=4223"}],"wp:term":[{"taxonomy":"category","embeddable":true,"href":"https:\/\/uit-ci.org\/index.php\/wp-json\/wp\/v2\/categories?post=4223"},{"taxonomy":"post_tag","embeddable":true,"href":"https:\/\/uit-ci.org\/index.php\/wp-json\/wp\/v2\/tags?post=4223"}],"curies":[{"name":"wp","href":"https:\/\/api.w.org\/{rel}","templated":true}]}}