{"id":4233,"date":"2020-10-19T18:18:09","date_gmt":"2020-10-19T18:18:09","guid":{"rendered":"http:\/\/uit-ci.org\/index.php\/2020\/10\/19\/arrete-le-monde-que-je-veux-quitter-on-a-perdu-un-gros-de-la-bande-dessinee\/"},"modified":"2020-10-19T18:18:09","modified_gmt":"2020-10-19T18:18:09","slug":"arrete-le-monde-que-je-veux-quitter-on-a-perdu-un-gros-de-la-bande-dessinee","status":"publish","type":"post","link":"https:\/\/uit-ci.org\/index.php\/2020\/10\/19\/arrete-le-monde-que-je-veux-quitter-on-a-perdu-un-gros-de-la-bande-dessinee\/","title":{"rendered":"\u00abArr\u00eate le monde que je veux quitter\u00bb, on a perdu un gros de la bande dessin\u00e9e."},"content":{"rendered":"<p style=\"text-align: justify;\"><span style=\"font-family: arial, helvetica, sans-serif; font-size: small;\"><img loading=\"lazy\" class=\" alignleft size-full wp-image-4180\" src=\"http:\/\/uit-ci.org\/wp-content\/uploads\/2020\/09\/undefined27651563-cartoonist-joaquin-salvador-lavado-aka-quino-poses-beside-200930164704-1601477421181.jpg\" width=\"269\" height=\"150\" alt=\"undefined27651563-cartoonist-joaquin-salvador-lavado-aka-quino-poses-beside-200930164704-1601477421181\" style=\"margin: 5px; float: left;\" srcset=\"https:\/\/uit-ci.org\/wp-content\/uploads\/2020\/09\/undefined27651563-cartoonist-joaquin-salvador-lavado-aka-quino-poses-beside-200930164704-1601477421181.jpg 1200w, https:\/\/uit-ci.org\/wp-content\/uploads\/2020\/09\/undefined27651563-cartoonist-joaquin-salvador-lavado-aka-quino-poses-beside-200930164704-1601477421181-300x168.jpg 300w, https:\/\/uit-ci.org\/wp-content\/uploads\/2020\/09\/undefined27651563-cartoonist-joaquin-salvador-lavado-aka-quino-poses-beside-200930164704-1601477421181-1024x572.jpg 1024w, https:\/\/uit-ci.org\/wp-content\/uploads\/2020\/09\/undefined27651563-cartoonist-joaquin-salvador-lavado-aka-quino-poses-beside-200930164704-1601477421181-768x429.jpg 768w, https:\/\/uit-ci.org\/wp-content\/uploads\/2020\/09\/undefined27651563-cartoonist-joaquin-salvador-lavado-aka-quino-poses-beside-200930164704-1601477421181-600x335.jpg 600w, https:\/\/uit-ci.org\/wp-content\/uploads\/2020\/09\/undefined27651563-cartoonist-joaquin-salvador-lavado-aka-quino-poses-beside-200930164704-1601477421181-750x419.jpg 750w, https:\/\/uit-ci.org\/wp-content\/uploads\/2020\/09\/undefined27651563-cartoonist-joaquin-salvador-lavado-aka-quino-poses-beside-200930164704-1601477421181-1140x637.jpg 1140w\" sizes=\"(max-width: 269px) 100vw, 269px\" \/>Aujourd&#8217;hui, une grande figure de la bande dessin\u00e9e et de la culture nous a quitt\u00e9s: Joaqu\u00edn Lavado, plus connu sous le nom de Quino, pseudonyme qu&#8217;il a utilis\u00e9 tout au long de sa carri\u00e8re artistique.<\/span><\/p>\n<p>  <!--more-->  <\/p>\n<p style=\"text-align: justify;\"><span style=\"font-family: arial, helvetica, sans-serif; font-size: small;\">\u00c0 travers son personnage le plus c\u00e9l\u00e8bre, Mafalda, il nous a inspir\u00e9, en tant qu&#8217;enfants, \u00e0 porter un regard critique sur le monde et \u00e0 lutter contre l&#8217;injustice et les abus, toujours avec le sourire. \u00abArr\u00eatez le monde dont je veux me tirer\u00bb est la phrase qui a immortalis\u00e9 Mafalda et qui refl\u00e8te cet esprit.<\/span><\/p>\n<p style=\"text-align: justify;\"><span style=\"font-family: arial, helvetica, sans-serif; font-size: small;\">En plus d&#8217;\u00eatre un excellent dessinateur et historien, Quino \u00e9tait un ardent d\u00e9fenseur des \u00e9coles publiques, c&#8217;est pourquoi notre groupe \u00abLes enseignants de la Marche\u00bb porte le symbole de Mafalda et \u00e9tait \u00e9galement un d\u00e9fenseur de divers droits d\u00e9mocratiques. En 2018, il s&#8217;est prononc\u00e9 en faveur d&#8217;un avortement l\u00e9gal, s\u00fbr et gratuit, et les places ont \u00e9t\u00e9 remplies de mafaldas avec des foulards verts.<\/span><\/p>\n<p style=\"text-align: justify;\"><span style=\"font-family: arial, helvetica, sans-serif; font-size: small;\">Apr\u00e8s avoir v\u00e9cu plusieurs ann\u00e9es en Europe, il est retourn\u00e9 dans sa ville natale de Mendoza, o\u00f9 il a dessin\u00e9 ses premi\u00e8res esquisses et est mort \u00e0 l&#8217;\u00e2ge de 88 ans aujourd&#8217;hui.<\/span><\/p>\n<p style=\"text-align: justify;\"><span style=\"font-family: arial, helvetica, sans-serif; font-size: small;\">Quino ne sera plus parmi nous mais son \u0153uvre restera en vigueur, inspirant les nouvelles g\u00e9n\u00e9rations \u00e0 se battre pour un monde meilleur.<\/span><\/p>\n<p style=\"text-align: justify;\"><span style=\"font-family: arial, helvetica, sans-serif; font-size: small;\">Au revoir, maestro.<\/span><\/p>\n","protected":false},"excerpt":{"rendered":"<p>Aujourd&#8217;hui, une grande figure de la bande dessin\u00e9e et de la culture nous a quitt\u00e9s: Joaqu\u00edn Lavado, plus connu sous le nom de Quino, pseudonyme qu&#8217;il a utilis\u00e9 tout au long de sa carri\u00e8re artistique.<\/p>\n","protected":false},"author":1,"featured_media":4180,"comment_status":"open","ping_status":"open","sticky":false,"template":"","format":"standard","meta":[],"categories":[53],"tags":[],"_links":{"self":[{"href":"https:\/\/uit-ci.org\/index.php\/wp-json\/wp\/v2\/posts\/4233"}],"collection":[{"href":"https:\/\/uit-ci.org\/index.php\/wp-json\/wp\/v2\/posts"}],"about":[{"href":"https:\/\/uit-ci.org\/index.php\/wp-json\/wp\/v2\/types\/post"}],"author":[{"embeddable":true,"href":"https:\/\/uit-ci.org\/index.php\/wp-json\/wp\/v2\/users\/1"}],"replies":[{"embeddable":true,"href":"https:\/\/uit-ci.org\/index.php\/wp-json\/wp\/v2\/comments?post=4233"}],"version-history":[{"count":0,"href":"https:\/\/uit-ci.org\/index.php\/wp-json\/wp\/v2\/posts\/4233\/revisions"}],"wp:featuredmedia":[{"embeddable":true,"href":"https:\/\/uit-ci.org\/index.php\/wp-json\/wp\/v2\/media\/4180"}],"wp:attachment":[{"href":"https:\/\/uit-ci.org\/index.php\/wp-json\/wp\/v2\/media?parent=4233"}],"wp:term":[{"taxonomy":"category","embeddable":true,"href":"https:\/\/uit-ci.org\/index.php\/wp-json\/wp\/v2\/categories?post=4233"},{"taxonomy":"post_tag","embeddable":true,"href":"https:\/\/uit-ci.org\/index.php\/wp-json\/wp\/v2\/tags?post=4233"}],"curies":[{"name":"wp","href":"https:\/\/api.w.org\/{rel}","templated":true}]}}