{"id":4235,"date":"2020-10-19T18:22:32","date_gmt":"2020-10-19T18:22:32","guid":{"rendered":"http:\/\/uit-ci.org\/index.php\/2020\/10\/19\/rencontre-virtuel-pandemie-et-crise-capitaliste-le-role-des-luttes-des-femmes\/"},"modified":"2020-10-19T18:22:32","modified_gmt":"2020-10-19T18:22:32","slug":"rencontre-virtuel-pandemie-et-crise-capitaliste-le-role-des-luttes-des-femmes","status":"publish","type":"post","link":"https:\/\/uit-ci.org\/index.php\/2020\/10\/19\/rencontre-virtuel-pandemie-et-crise-capitaliste-le-role-des-luttes-des-femmes\/","title":{"rendered":"Rencontre virtuel : \u00abPand\u00e9mie et crise capitaliste : le r\u00f4le des luttes des femmes\u00bb"},"content":{"rendered":"<p style=\"text-align: justify;\"><span style=\"font-family: arial, helvetica, sans-serif; font-size: small;\"><img loading=\"lazy\" class=\" alignleft size-full wp-image-4234\" src=\"http:\/\/uit-ci.org\/wp-content\/uploads\/2020\/10\/WhatsApp_Image_2020-10-14_at_3.19.42_PM.jpeg\" width=\"150\" height=\"150\" alt=\"WhatsApp Image 2020-10-14 at 3.19.42 PM\" style=\"margin: 5px; float: left;\" srcset=\"https:\/\/uit-ci.org\/wp-content\/uploads\/2020\/10\/WhatsApp_Image_2020-10-14_at_3.19.42_PM.jpeg 1200w, https:\/\/uit-ci.org\/wp-content\/uploads\/2020\/10\/WhatsApp_Image_2020-10-14_at_3.19.42_PM-300x300.jpeg 300w, https:\/\/uit-ci.org\/wp-content\/uploads\/2020\/10\/WhatsApp_Image_2020-10-14_at_3.19.42_PM-1024x1024.jpeg 1024w, https:\/\/uit-ci.org\/wp-content\/uploads\/2020\/10\/WhatsApp_Image_2020-10-14_at_3.19.42_PM-150x150.jpeg 150w, https:\/\/uit-ci.org\/wp-content\/uploads\/2020\/10\/WhatsApp_Image_2020-10-14_at_3.19.42_PM-768x768.jpeg 768w, https:\/\/uit-ci.org\/wp-content\/uploads\/2020\/10\/WhatsApp_Image_2020-10-14_at_3.19.42_PM-600x600.jpeg 600w, https:\/\/uit-ci.org\/wp-content\/uploads\/2020\/10\/WhatsApp_Image_2020-10-14_at_3.19.42_PM-100x100.jpeg 100w, https:\/\/uit-ci.org\/wp-content\/uploads\/2020\/10\/WhatsApp_Image_2020-10-14_at_3.19.42_PM-75x75.jpeg 75w, https:\/\/uit-ci.org\/wp-content\/uploads\/2020\/10\/WhatsApp_Image_2020-10-14_at_3.19.42_PM-750x750.jpeg 750w, https:\/\/uit-ci.org\/wp-content\/uploads\/2020\/10\/WhatsApp_Image_2020-10-14_at_3.19.42_PM-1140x1140.jpeg 1140w\" sizes=\"(max-width: 150px) 100vw, 150px\" \/>L&#8217;Union Internationale des Travailleurs &#8211; Quatri\u00e8me Internationale (UIT-QI) organise une r\u00e9union internationale ouverte et virtuelle de femmes le samedi 17 octobre, qui mettra en lumi\u00e8re les luttes f\u00e9ministes dans ce contexte de pand\u00e9mie. Vous pouvez vous inscrire \u00e0 ce lien <a href=\"http:\/\/bit.ly\/3daet7y\">http:\/\/bit.ly\/3daet7y<\/a> ou par courrier \u00e0 <a href=\"mailto:uitcuartainternacional@gmail.com\">uitcuartainternacional@gmail.com<\/a><\/span><\/p>\n<p>  <!--more-->  <\/p>\n<p style=\"text-align: justify;\"><span style=\"font-family: arial, helvetica, sans-serif; font-size: small;\">La combinaison de la pand\u00e9mie de Covid-19 et de la crise \u00e9conomique actuelle du syst\u00e8me capitaliste-imp\u00e9rialiste accro\u00eet les in\u00e9galit\u00e9s entre les sexes : une plus grande f\u00e9minisation de la pauvret\u00e9, une augmentation notable des soins et du travail reproductif, et une croissance de la violence sexiste, qui ajoute de nouveaux obstacles \u00e0 l&#8217;acc\u00e8s \u00e0 la sant\u00e9 reproductive et aux droits sexuels. Ce sont les politiques que l&#8217;imp\u00e9rialisme et tous les gouvernements du monde m\u00e8nent pour d\u00e9charger la crise capitaliste sur le dos de la classe ouvri\u00e8re dans son ensemble et qui p\u00e8sent le plus sur les femmes. C&#8217;est pourquoi la lutte f\u00e9ministe et l&#8217;organisation ind\u00e9pendante des femmes sont cruciales pour faire face \u00e0 ces attaques.<\/span><\/p>\n<p style=\"text-align: justify;\"><span style=\"font-family: arial, helvetica, sans-serif; font-size: small;\">Nous vous invitons \u00e0 participer \u00e0 la rencontre internationale des femmes, \u00e0 laquelle participeront des camarades de diff\u00e9rents pays. Nous aurons la voix des femmes d&#8217;Am\u00e9rique latine et des Cara\u00efbes des \u00c9tats-Unis, d&#8217;Europe et du Moyen-Orient. Ne manquez pas l&#8217;occasion d&#8217;\u00e9couter et de d\u00e9battre avec les protagonistes des principales luttes f\u00e9ministes dans le monde.<\/span><\/p>\n","protected":false},"excerpt":{"rendered":"<p>L&#8217;Union Internationale des Travailleurs &#8211; Quatri\u00e8me Internationale (UIT-QI) organise une r\u00e9union internationale ouverte et virtuelle de femmes le samedi 17 octobre, qui mettra en lumi\u00e8re les luttes f\u00e9ministes dans ce contexte de pand\u00e9mie. Vous pouvez vous inscrire \u00e0 ce lien http:\/\/bit.ly\/3daet7y ou par courrier \u00e0 uitcuartainternacional@gmail.com<\/p>\n","protected":false},"author":1,"featured_media":4234,"comment_status":"open","ping_status":"open","sticky":false,"template":"","format":"standard","meta":[],"categories":[53],"tags":[],"_links":{"self":[{"href":"https:\/\/uit-ci.org\/index.php\/wp-json\/wp\/v2\/posts\/4235"}],"collection":[{"href":"https:\/\/uit-ci.org\/index.php\/wp-json\/wp\/v2\/posts"}],"about":[{"href":"https:\/\/uit-ci.org\/index.php\/wp-json\/wp\/v2\/types\/post"}],"author":[{"embeddable":true,"href":"https:\/\/uit-ci.org\/index.php\/wp-json\/wp\/v2\/users\/1"}],"replies":[{"embeddable":true,"href":"https:\/\/uit-ci.org\/index.php\/wp-json\/wp\/v2\/comments?post=4235"}],"version-history":[{"count":0,"href":"https:\/\/uit-ci.org\/index.php\/wp-json\/wp\/v2\/posts\/4235\/revisions"}],"wp:featuredmedia":[{"embeddable":true,"href":"https:\/\/uit-ci.org\/index.php\/wp-json\/wp\/v2\/media\/4234"}],"wp:attachment":[{"href":"https:\/\/uit-ci.org\/index.php\/wp-json\/wp\/v2\/media?parent=4235"}],"wp:term":[{"taxonomy":"category","embeddable":true,"href":"https:\/\/uit-ci.org\/index.php\/wp-json\/wp\/v2\/categories?post=4235"},{"taxonomy":"post_tag","embeddable":true,"href":"https:\/\/uit-ci.org\/index.php\/wp-json\/wp\/v2\/tags?post=4235"}],"curies":[{"name":"wp","href":"https:\/\/api.w.org\/{rel}","templated":true}]}}