{"id":4236,"date":"2020-10-19T18:31:50","date_gmt":"2020-10-19T18:31:50","guid":{"rendered":"http:\/\/uit-ci.org\/index.php\/2020\/10\/19\/linternationale-progressiste\/"},"modified":"2020-10-19T18:31:50","modified_gmt":"2020-10-19T18:31:50","slug":"linternationale-progressiste","status":"publish","type":"post","link":"https:\/\/uit-ci.org\/index.php\/2020\/10\/19\/linternationale-progressiste\/","title":{"rendered":"L&#8217;Internationale progressiste"},"content":{"rendered":"<p style=\"text-align: justify;\"><span style=\"font-family: arial, helvetica, sans-serif; font-size: small;\"><img loading=\"lazy\" class=\" alignleft size-full wp-image-4171\" src=\"http:\/\/uit-ci.org\/wp-content\/uploads\/2020\/09\/yanis_varoufakis.jpg\" width=\"267\" height=\"150\" alt=\"yanis varoufakis\" style=\"margin: 5px; float: left;\" srcset=\"https:\/\/uit-ci.org\/wp-content\/uploads\/2020\/09\/yanis_varoufakis.jpg 2240w, https:\/\/uit-ci.org\/wp-content\/uploads\/2020\/09\/yanis_varoufakis-300x169.jpg 300w, https:\/\/uit-ci.org\/wp-content\/uploads\/2020\/09\/yanis_varoufakis-1024x576.jpg 1024w, https:\/\/uit-ci.org\/wp-content\/uploads\/2020\/09\/yanis_varoufakis-768x432.jpg 768w, https:\/\/uit-ci.org\/wp-content\/uploads\/2020\/09\/yanis_varoufakis-1536x864.jpg 1536w, https:\/\/uit-ci.org\/wp-content\/uploads\/2020\/09\/yanis_varoufakis-2048x1152.jpg 2048w, https:\/\/uit-ci.org\/wp-content\/uploads\/2020\/09\/yanis_varoufakis-600x338.jpg 600w, https:\/\/uit-ci.org\/wp-content\/uploads\/2020\/09\/yanis_varoufakis-750x422.jpg 750w, https:\/\/uit-ci.org\/wp-content\/uploads\/2020\/09\/yanis_varoufakis-1140x641.jpg 1140w\" sizes=\"(max-width: 267px) 100vw, 267px\" \/>Le premier sommet virtuel s&#8217;est tenu du 18 au 20 septembre. Avec la pr\u00e9sence d&#8217;intellectuels mod\u00e9r\u00e9s et de c\u00e9l\u00e9brit\u00e9s, le regroupement est une tentative de recyclage de projets largement d\u00e9pass\u00e9s par les exp\u00e9riences politiques concr\u00e8tes des peuples et des travailleurs, compte tenu de l&#8217;\u00e9puisement de la \u00abmar\u00e9e rose\u00bb latino-am\u00e9ricaine, du naufrage de Syriza en Gr\u00e8ce, du refus de Sanders de rompre avec le Parti d\u00e9mocrate et des r\u00e9voltes populaires qui ont balay\u00e9 une grande partie du monde en 2018 et 2019<\/span><\/p>\n<p>  <!--more-->  <\/p>\n<p style=\"text-align: justify;\"><span style=\"font-family: arial, helvetica, sans-serif; font-size: small;\">La direction de l&#8217;Internationale progressiste comprend le c\u00e9l\u00e8bre linguiste anarchiste Noam Chomsky, le s\u00e9nateur social-d\u00e9mocrate Bernie Sanders, Cornel West des Socialistes d\u00e9mocrates des \u00c9tats-Unis et l&#8217;ancien ministre grec des finances Yanis Varoufakis; les \u00e9crivains Naomi Klein du Canada et Arundhati Roy de l&#8217;Inde ; le Premier ministre islandais Katrin Jakobsd\u00f3ttir; l&#8217;ancienne maire de Barcelone Ada Colau; le candidat \u00e0 la pr\u00e9sidence Luis Arce et l&#8217;ancien vice-pr\u00e9sident \u00c1lvaro Garc\u00eda Linera du MAS bolivien; Andr\u00e9s Arauz, candidat \u00e0 la pr\u00e9sidence de Correa en \u00c9quateur; l&#8217;ancien pr\u00e9sident br\u00e9silien Lula da Silva et son ancien ministre des affaires \u00e9trang\u00e8res Celso Amorim; l&#8217;ancien maire et ancien candidat \u00e0 la pr\u00e9sidence Gustavo Petro de Colombie; la ministre argentine Elizabeth G\u00f3mez; le d\u00e9put\u00e9 chilien Giorgio Jackson; le philosophe camerounais Achille Mbembe; l&#8217;intellectuel indien Vijay Prashad de Chavista; Victor Santa Maria du syndicalisme p\u00e9roniste et l&#8217;ambassadrice argentine Alicia Castro, entre autres.<\/span><\/p>\n<p style=\"text-align: justify;\"><span style=\"font-family: arial, helvetica, sans-serif; font-size: small;\">Les discours de Chomsky et Varoufakis ont refl\u00e9t\u00e9 les limites du projet. Pour Chomsky, il y a deux internationales en cours de formation, une internationale r\u00e9actionnaire, dirig\u00e9e par Trump, qui comprend Bolsonaro, le dictateur \u00e9gyptien Al Sisi, les gouvernements d&#8217;Isra\u00ebl et de l&#8217;Inde, les institutions financi\u00e8res multilat\u00e9rales telles que le FMI et la Banque mondiale, et le Premier ministre hongrois de droite Victor Orban. Son trait caract\u00e9ristique serait son autoritarisme. L&#8217;Internationale progressiste aurait son bastion parmi les \u00abmouvements populaires\u00bb. Dans le monde d&#8217;aujourd&#8217;hui, le n\u00e9o-lib\u00e9ralisme de Reagan et Thatcher pr\u00e9dominerait, et l&#8217;une des t\u00e2ches principales de l&#8217;Internationale progressiste serait de \u00abveiller \u00e0 ce que nous paniquions tous maintenant et que nous agissions en cons\u00e9quence\u00bb. De cette conception, il faut s&#8217;attendre \u00e0 ce que les gouvernements capitalistes \u00abd\u00e9mocratiques\u00bb soient capables de r\u00e9agir \u00e0 ces alarmes \u00abprogressistes\u00bb.<\/span><\/p>\n<p style=\"text-align: justify;\"><span style=\"font-family: arial, helvetica, sans-serif; font-size: small;\">Varoufakis, pour sa part, a install\u00e9 la notion que nous entrons d\u00e9j\u00e0 dans une phase post-capitaliste, le dilemme \u00e9tant de savoir si son \u00e9conomie \u00absera autoritaire et oligarchique ou d\u00e9mocratique et sociale\u00bb. Face \u00e0 la catastrophe \u00e9cologique, il a propos\u00e9 un \u00abaccord \u00e9cologique international\u00bb qui, avec un budget de 8 milliards de dollars par an, pourrait r\u00e9aliser la transition des combustibles fossiles vers les \u00e9nergies renouvelables, r\u00e9duire la consommation de viande et miser sur les aliments biologiques. Il y voit un d\u00e9fi analogue \u00e0 la reconstruction de l&#8217;Europe apr\u00e8s la Seconde Guerre mondiale, bien qu&#8217;il ne s&#8217;agisse pas seulement de reconstruire mais de cr\u00e9er de nouvelles technologies.<\/span><\/p>\n<p style=\"text-align: justify;\"><span style=\"font-family: arial, helvetica, sans-serif; font-size: small;\">Si Varoufakis affirme que \u00able capitalisme n&#8217;est pas compatible avec la survie de l&#8217;humanit\u00e9\u00bb, la ti\u00e9deur de ses propositions ne correspond pas \u00e0 cette phrase. Il appelle \u00e0 identifier les multinationales sp\u00e9cifiques \u00abqui abusent des travailleurs\u00bb et \u00e0 mener des journ\u00e9es de boycott, par exemple, contre Amazon. Quelles multinationales n&#8217;abusent pas des travailleurs? Le probl\u00e8me de la bureaucratie syndicale et les besoins organisationnels de la classe ouvri\u00e8re sont \u00e9vit\u00e9s gr\u00e2ce au boycott, c&#8217;est une fausse solution. Varoufakis estime que \u00able monde de l&#8217;argent et de la finance est d\u00e9tach\u00e9 du monde de la production\u00bb ( !) et que la voie de sortie strat\u00e9gique est un \u00absocialisme de march\u00e9\u00bb ( ?) selon le principe \u00abun employ\u00e9, une action, une voix\u00bb.<\/span><\/p>\n<p style=\"text-align: justify;\"><span style=\"font-family: arial, helvetica, sans-serif; font-size: small;\">Comme on peut le voir, son axe th\u00e9orique est la d\u00e9mocratisation du capitalisme, et son antagoniste n&#8217;est pas la classe capitaliste dans son ensemble mais seulement la tendance que Trump repr\u00e9sente. Ce n&#8217;est pas par hasard que le Mouvement D\u00e9mocratie en Europe (DiEM25), dont Varoufakis est une r\u00e9f\u00e9rence, soutenu par Ada Colau, Baltasar Garz\u00f3n, des politiciens et philosophes verts comme Toni Negri et Slavoj Zizek, est encourag\u00e9 par des id\u00e9es comme celle de d\u00e9mocratiser l&#8217;Union europ\u00e9enne.<\/span><\/p>\n<p style=\"text-align: justify;\"><span style=\"font-family: arial, helvetica, sans-serif; font-size: small;\">La gravit\u00e9 de ce carrefour historique, o\u00f9 la crise sanitaire de la pand\u00e9mie de Covid-19, la r\u00e9cession \u00e9conomique mondiale, la d\u00e9gradation de l&#8217;environnement et le r\u00e9chauffement climatique se chevauchent, est ind\u00e9niable. Pour les r\u00e9volutionnaires, la solution de base est que les gouvernements de la classe ouvri\u00e8re \u00e9tablissent une \u00e9conomie socialiste au niveau r\u00e9gional et mondial, planifi\u00e9e d\u00e9mocratiquement avec des crit\u00e8res de durabilit\u00e9, au service de la majorit\u00e9 populaire. Pour les soi-disant progressistes, ce qui est possible, ce sont des r\u00e9formes dans le cadre capitaliste, la d\u00e9mocratisation des \u00c9tats bourgeois, des \u00c9tats multilat\u00e9raux comme le FMI et m\u00eame des entreprises transnationales elles-m\u00eames.<\/span><\/p>\n<p style=\"text-align: justify;\"><span style=\"font-family: arial, helvetica, sans-serif; font-size: small;\">En tout cas, il ne s&#8217;agit pas de diff\u00e9rences purement th\u00e9oriques. L&#8217;exp\u00e9rience concr\u00e8te des peuples d&#8217;Am\u00e9rique latine avec des gouvernements \u00abprogressistes\u00bb comme ceux de Correa, Evo Morales, Lula da Silva, Cristina Kirchner, Pepe Mujica, Ch\u00e1vez et Maduro a conduit \u00e0 des \u00e9checs marqu\u00e9s par la corruption, la capitulation et une atroce d\u00e9pr\u00e9dation de l&#8217;environnement, qui ont ouvert la voie \u00e0 l&#8217;extr\u00e9misme de droite le plus important du continent. Aucun de ces gouvernements n&#8217;a essay\u00e9 de surmonter les rapports capitalistes d&#8217;exploitation ; tous ont conclu des pactes avec l&#8217;imp\u00e9rialisme et les bourgeoisies nationales. La plupart de ces gouvernements ont m\u00eame envoy\u00e9 des troupes d&#8217;occupation \u00e0 Ha\u00efti. Chavism s&#8217;est abstenu de le faire, mais a plut\u00f4t encourag\u00e9 les accords corrompus de Petrocaribe avec les gouvernements fantoches de la m\u00eame occupation militaire de l&#8217;ONU en Ha\u00efti. Dans les luttes populaires de 2018 et 2019, le \u00abprogressisme\u00bb a jou\u00e9 un r\u00f4le d\u00e9sastreux. Par exemple, Giorgio Jackson et la plupart des d\u00e9put\u00e9s du Front Amplio chilien, en pleine r\u00e9bellion populaire contre Pi\u00f1era, ont fait un pacte pour le maintenir au pouvoir, votant m\u00eame en faveur d&#8217;instruments r\u00e9pressifs, comme la loi dite \u00abanti-pillage\u00bb. L&#8217;exp\u00e9rience frustrante de Syriza en Gr\u00e8ce ou d&#8217;Ada Colau en Catalogne, entre autres, a laiss\u00e9 des r\u00e9sultats similaires.<\/span><\/p>\n<p style=\"text-align: justify;\"><span style=\"font-family: arial, helvetica, sans-serif; font-size: small;\">Si la progressivit\u00e9 de la nouvelle organisation est assez att\u00e9nu\u00e9e, son internationalisme est une caricature encore pire. L&#8217;\u00e9crivain syrien de gauche et ancien prisonnier politique Yassin al-Haj Saleh a accept\u00e9 une invitation \u00e0 rejoindre l&#8217;Internationale progressiste en avril. Mais lorsqu&#8217;il a envoy\u00e9 sa premi\u00e8re lettre ouverte \u00e0 la page Wire, l&#8217;organe de l&#8217;Internationale progressiste, il a \u00e9t\u00e9 censur\u00e9 et exclu, sans explication. Sa critique des capitulations de diff\u00e9rents secteurs de la gauche face \u00e0 la dictature syrienne, l`apologie honteuse de l&#8217;agression militaire russe et l&#8217;indiff\u00e9rence face au plus grand crime international de ce si\u00e8cle, qui a conduit plus de six millions et demi de personnes \u00e0 l&#8217;exil, soit environ 30 % de la population syrienne, un pays militairement occup\u00e9 par la Russie, l&#8217;Iran, les \u00c9tats-Unis, Isra\u00ebl et la Turquie, ainsi que par des milices pakistanaises, libanaises, irakiennes et autres, n&#8217;a pas \u00e9t\u00e9 tol\u00e9r\u00e9e. Les r\u00e9volutionnaires v\u00e9n\u00e9zu\u00e9liens sont solidaires de Yassin al-Haj Saleh, car nous avons vu que dans notre pays, les milliers de personnes tu\u00e9es par les ex\u00e9cutions polici\u00e8res, les millions de travailleurs opprim\u00e9s par des relations de semi-esclavage avec des salaires mensuels de 2 dollars ne comptent pas non plus pour cette pseudo-gauche. L&#8217;ignorance et l&#8217;arrogance intellectuelle \u00abprogressiste\u00bb se combinent pour produire une profonde hostilit\u00e9 envers les travailleurs v\u00e9n\u00e9zu\u00e9liens, les isolant de la n\u00e9cessaire solidarit\u00e9 internationaliste, comme c&#8217;est le cas avec le peuple syrien.<\/span><\/p>\n<p style=\"text-align: justify;\"><span style=\"font-family: arial, helvetica, sans-serif; font-size: small;\">Telle est la faillite politique et morale affich\u00e9e par l&#8217;Internationale progressiste. Dans l&#8217;anthologie du r\u00e9formisme, elle peut occuper une place proche des \u00e9checs comme la \u00abcinqui\u00e8me internationale\u00bb de Ch\u00e1vez, le Forum de S\u00e3o Paulo ou le Groupe de Puebla. Ce n&#8217;est pas l&#8217;organisation internationaliste dont nous avons besoin pour surmonter de mani\u00e8re r\u00e9volutionnaire ce syst\u00e8me capitaliste d&#8217;exploitation humaine et de d\u00e9pr\u00e9dation de l&#8217;environnement.<\/span><\/p>\n","protected":false},"excerpt":{"rendered":"<p>Le premier sommet virtuel s&#8217;est tenu du 18 au 20 septembre. Avec la pr\u00e9sence d&#8217;intellectuels mod\u00e9r\u00e9s et de c\u00e9l\u00e9brit\u00e9s, le regroupement est une tentative de recyclage de projets largement d\u00e9pass\u00e9s par les exp\u00e9riences politiques concr\u00e8tes des peuples et des travailleurs, compte tenu de l&#8217;\u00e9puisement de la \u00abmar\u00e9e rose\u00bb latino-am\u00e9ricaine, du naufrage de Syriza en Gr\u00e8ce, [&hellip;]<\/p>\n","protected":false},"author":1,"featured_media":4171,"comment_status":"open","ping_status":"open","sticky":false,"template":"","format":"standard","meta":[],"categories":[53],"tags":[],"_links":{"self":[{"href":"https:\/\/uit-ci.org\/index.php\/wp-json\/wp\/v2\/posts\/4236"}],"collection":[{"href":"https:\/\/uit-ci.org\/index.php\/wp-json\/wp\/v2\/posts"}],"about":[{"href":"https:\/\/uit-ci.org\/index.php\/wp-json\/wp\/v2\/types\/post"}],"author":[{"embeddable":true,"href":"https:\/\/uit-ci.org\/index.php\/wp-json\/wp\/v2\/users\/1"}],"replies":[{"embeddable":true,"href":"https:\/\/uit-ci.org\/index.php\/wp-json\/wp\/v2\/comments?post=4236"}],"version-history":[{"count":0,"href":"https:\/\/uit-ci.org\/index.php\/wp-json\/wp\/v2\/posts\/4236\/revisions"}],"wp:featuredmedia":[{"embeddable":true,"href":"https:\/\/uit-ci.org\/index.php\/wp-json\/wp\/v2\/media\/4171"}],"wp:attachment":[{"href":"https:\/\/uit-ci.org\/index.php\/wp-json\/wp\/v2\/media?parent=4236"}],"wp:term":[{"taxonomy":"category","embeddable":true,"href":"https:\/\/uit-ci.org\/index.php\/wp-json\/wp\/v2\/categories?post=4236"},{"taxonomy":"post_tag","embeddable":true,"href":"https:\/\/uit-ci.org\/index.php\/wp-json\/wp\/v2\/tags?post=4236"}],"curies":[{"name":"wp","href":"https:\/\/api.w.org\/{rel}","templated":true}]}}