{"id":4274,"date":"2020-11-11T15:55:21","date_gmt":"2020-11-11T15:55:21","guid":{"rendered":"http:\/\/uit-ci.org\/index.php\/2020\/11\/11\/peru-ni-vizcarra-ni-merino-ni-el-congreso-ni-la-constitucion-fujimorista\/"},"modified":"2020-11-11T15:55:21","modified_gmt":"2020-11-11T15:55:21","slug":"peru-ni-vizcarra-ni-merino-ni-el-congreso-ni-la-constitucion-fujimorista","status":"publish","type":"post","link":"https:\/\/uit-ci.org\/index.php\/2020\/11\/11\/peru-ni-vizcarra-ni-merino-ni-el-congreso-ni-la-constitucion-fujimorista\/","title":{"rendered":"Per\u00fa: \u00a1NI VIZCARRA, NI MERINO! \u00a1NI EL CONGRESO, NI LA CONSTITUCI\u00d3N FUJIMORISTA!"},"content":{"rendered":"<p style=\"text-align: justify;\"><span style=\"font-family: arial, helvetica, sans-serif;\"><img loading=\"lazy\" class=\" alignleft size-full wp-image-4273\" src=\"http:\/\/uit-ci.org\/wp-content\/uploads\/2020\/11\/102270033_3069023263164309_2958471880172148801_o.jpg\" width=\"225\" height=\"150\" alt=\"102270033 3069023263164309 2958471880172148801 o\" style=\"margin: 5px; float: left;\" srcset=\"https:\/\/uit-ci.org\/wp-content\/uploads\/2020\/11\/102270033_3069023263164309_2958471880172148801_o.jpg 960w, https:\/\/uit-ci.org\/wp-content\/uploads\/2020\/11\/102270033_3069023263164309_2958471880172148801_o-300x200.jpg 300w, https:\/\/uit-ci.org\/wp-content\/uploads\/2020\/11\/102270033_3069023263164309_2958471880172148801_o-768x513.jpg 768w, https:\/\/uit-ci.org\/wp-content\/uploads\/2020\/11\/102270033_3069023263164309_2958471880172148801_o-600x401.jpg 600w, https:\/\/uit-ci.org\/wp-content\/uploads\/2020\/11\/102270033_3069023263164309_2958471880172148801_o-750x501.jpg 750w\" sizes=\"(max-width: 225px) 100vw, 225px\" \/>\u00a1Luchemos por una salida independiente ante la crisis y por un gobierno de los trabajadores!<\/span><\/p>\n<p style=\"text-align: justify;\"><span style=\"font-family: arial, helvetica, sans-serif;\">En las alturas del descompuesto r\u00e9gimen pol\u00edtico, el Congreso ha vacado al gobierno de Vizcarra. De esta manera, AP, SP, PP y APP, los partidos del r\u00e9gimen, cambiaron oportunistamente su posici\u00f3n, rompiendo coyunturalmente el Pacto Per\u00fa que negociaron con Vizcarra, sac\u00e1ndolo del Gobierno con el \u00fanico objetivo de negociar mejor y sin intermediarios sus intereses patronales para repartirse el bot\u00edn que, con la reactivaci\u00f3n econ\u00f3mica neoliberal, les roban a los trabajadores formales, informales y a los pueblos.<\/span><\/p>\n<p>  <!--more-->  <\/p>\n<p style=\"text-align: justify;\"><span style=\"font-family: arial, helvetica, sans-serif;\">Desde el Partido de los Trabajadores UN\u00cdOS y nuestro compa\u00f1ero Enrique Fern\u00e1ndez, votamos a favor de la vacancia desde una perspectiva independiente, de la clase trabajadora y anticapitalista: Vizcarra se deb\u00eda ir por corrupto, pero tambi\u00e9n por explotador y por ser junto a la CONFIEP, el responsable de los salarios y pensiones de hambre, de los siete millones de despidos y del salvataje a los grandes empresarios.<\/span><\/p>\n<p style=\"text-align: justify;\"><span style=\"font-family: arial, helvetica, sans-serif;\">Llamamos a los trabajadores a no dejarse estafar por ninguna de las dos facciones en pugna. No defender a Vizcarra ni confiar en Merino y su nuevo gabinete. Los trabajadores y los pueblos debemos ganar las calles contra el actual gobierno de Merino que, gracias a la Constituci\u00f3n heredada del fujimorismo, se queda ahora con el poder para usarlo contra el pueblo trabajador siguiendo la detonada cadena de mando del Estado capitalista.<\/span><\/p>\n<p style=\"text-align: justify;\"><span style=\"font-family: arial, helvetica, sans-serif;\">Los trabajadores y el pueblo debemos movilizarnos para conquistar las medidas urgentes para salir de la crisis, no para cuidar a Vizcarra o a Merino, ni esperar algo bueno de la estafa electoral 2021. Necesitamos poner en pie la unidad de las luchas y luchadores por un inmediato aumento de salarios y jubilaciones sin AFP, para anular los Decretos de Urgencia N\u00b0 014 y 016, para terminar con la suspensi\u00f3n perfecta de labores, prohibir los despidos y suspensiones, repartir las horas de trabajo e incorporar a los miles de desocupados e informales al trabajo formal, terminar con los CAS y la tercerizaci\u00f3n. Exigimos un inmediato<\/span><\/p>\n<p style=\"text-align: justify;\"><span style=\"font-family: arial, helvetica, sans-serif;\">aumento de presupuesto para la salud y educaci\u00f3n no menor al 8% del PBI, terminar con la especulaci\u00f3n de la salud privada que hace negocios con m\u00e1s de 30.000 muertos por Covid-19. \u00a1Por una salud y educaci\u00f3n 100% p\u00fablica, laica, gratuita y de calidad!<\/span><\/p>\n<p style=\"text-align: justify;\"><span style=\"font-family: arial, helvetica, sans-serif;\">Rechazamos la pol\u00edtica neoliberal de Vizcarra y la de Merino que representa la continuidad, y exigimos plata para empleo, salud, educaci\u00f3n y que se termine con los subsidios a los grandes empresarios que se llevaron m\u00e1s de S.\/ 130.000 millones de soles en los \u00faltimos 10 a\u00f1os mientras el pueblo vive en la pobreza y la informalidad.<\/span><\/p>\n<p style=\"text-align: justify;\"><span style=\"font-family: arial, helvetica, sans-serif;\">\u00a1Este modelo no va m\u00e1s! Luchemos por una asamblea constituyente libre y soberana sin restricciones que garantice la participaci\u00f3n de todas las organizaciones obreras, sociales, populares, campesinas, de las mujeres y la juventud para terminar con la Constituci\u00f3n del 93 que solo privilegia a los ricos, sostiene la explotaci\u00f3n y permite el pasamanos del Gobierno en manos de los poderosos. Luchemos en las calles por un gobierno de los que nunca gobernaron, por un gobierno de las y los trabajadores y el pueblo para que la crisis la paguen los capitalistas, no los trabajadores.<\/span><\/p>\n<p style=\"text-align: justify;\"><span style=\"font-family: arial, helvetica, sans-serif;\">\u00a1Abajo el ajuste neoliberal de Vizcarra, la CONFIEP y Merino contra el pueblo trabajador!<\/span><\/p>\n<p style=\"text-align: justify;\"><span style=\"font-family: arial, helvetica, sans-serif;\">\u00a1Luchemos en las calles por salario, jubilaciones, y para terminar con los despidos y suspensiones!<\/span><\/p>\n<p style=\"text-align: justify;\"><span style=\"font-family: arial, helvetica, sans-serif;\">\u00a1M\u00e1s plata para empleo, salud y educaci\u00f3n, no para los capitalistas!<\/span><\/p>\n<p style=\"text-align: justify;\"><span style=\"font-family: arial, helvetica, sans-serif;\">\u00a1Asamblea constituyente libre y soberana!<\/span><\/p>\n<p style=\"text-align: justify;\"><span style=\"font-family: arial, helvetica, sans-serif;\">\u00a1Por un gobierno de los trabajadores y los pueblos!<\/span><br \/><span style=\"font-family: arial, helvetica, sans-serif;\">#PTU #PartidoDeLosTrabajadoresUn\u00edos #Un\u00edosEnLaLucha<br \/><a href=\"index.php\/news-a-documents\/2804-2020-11-15-17-58-48\">(read in english)<\/a><\/span><\/p>\n","protected":false},"excerpt":{"rendered":"<p>\u00a1Luchemos por una salida independiente ante la crisis y por un gobierno de los trabajadores! En las alturas del descompuesto r\u00e9gimen pol\u00edtico, el Congreso ha vacado al gobierno de Vizcarra. De esta manera, AP, SP, PP y APP, los partidos del r\u00e9gimen, cambiaron oportunistamente su posici\u00f3n, rompiendo coyunturalmente el Pacto Per\u00fa que negociaron con Vizcarra, [&hellip;]<\/p>\n","protected":false},"author":1,"featured_media":4273,"comment_status":"open","ping_status":"open","sticky":false,"template":"","format":"standard","meta":[],"categories":[60],"tags":[],"_links":{"self":[{"href":"https:\/\/uit-ci.org\/index.php\/wp-json\/wp\/v2\/posts\/4274"}],"collection":[{"href":"https:\/\/uit-ci.org\/index.php\/wp-json\/wp\/v2\/posts"}],"about":[{"href":"https:\/\/uit-ci.org\/index.php\/wp-json\/wp\/v2\/types\/post"}],"author":[{"embeddable":true,"href":"https:\/\/uit-ci.org\/index.php\/wp-json\/wp\/v2\/users\/1"}],"replies":[{"embeddable":true,"href":"https:\/\/uit-ci.org\/index.php\/wp-json\/wp\/v2\/comments?post=4274"}],"version-history":[{"count":0,"href":"https:\/\/uit-ci.org\/index.php\/wp-json\/wp\/v2\/posts\/4274\/revisions"}],"wp:featuredmedia":[{"embeddable":true,"href":"https:\/\/uit-ci.org\/index.php\/wp-json\/wp\/v2\/media\/4273"}],"wp:attachment":[{"href":"https:\/\/uit-ci.org\/index.php\/wp-json\/wp\/v2\/media?parent=4274"}],"wp:term":[{"taxonomy":"category","embeddable":true,"href":"https:\/\/uit-ci.org\/index.php\/wp-json\/wp\/v2\/categories?post=4274"},{"taxonomy":"post_tag","embeddable":true,"href":"https:\/\/uit-ci.org\/index.php\/wp-json\/wp\/v2\/tags?post=4274"}],"curies":[{"name":"wp","href":"https:\/\/api.w.org\/{rel}","templated":true}]}}