{"id":4288,"date":"2020-11-16T16:17:17","date_gmt":"2020-11-16T16:17:17","guid":{"rendered":"http:\/\/uit-ci.org\/index.php\/2020\/11\/16\/guerre-au-sahara-occidental-nous-soutenons-le-peuple-sahraoui-dans-sa-lutte-pour-mettre-fin-a-loccupation-marocaine\/"},"modified":"2020-11-16T16:17:17","modified_gmt":"2020-11-16T16:17:17","slug":"guerre-au-sahara-occidental-nous-soutenons-le-peuple-sahraoui-dans-sa-lutte-pour-mettre-fin-a-loccupation-marocaine","status":"publish","type":"post","link":"https:\/\/uit-ci.org\/index.php\/2020\/11\/16\/guerre-au-sahara-occidental-nous-soutenons-le-peuple-sahraoui-dans-sa-lutte-pour-mettre-fin-a-loccupation-marocaine\/","title":{"rendered":"Guerre au Sahara occidental : nous soutenons le peuple sahraoui dans sa lutte pour mettre fin \u00e0 l&#8217;occupation marocaine"},"content":{"rendered":"<p style=\"text-align: justify;\"><span style=\"font-family: arial, helvetica, sans-serif; font-size: small;\"><img loading=\"lazy\" class=\" alignleft size-full wp-image-4286\" src=\"http:\/\/uit-ci.org\/wp-content\/uploads\/2020\/11\/125199574_142856520901763_1941478811782792792_o.jpg\" width=\"104\" height=\"150\" alt=\"125199574 142856520901763 1941478811782792792 o\" style=\"margin: 5px; float: left;\" srcset=\"https:\/\/uit-ci.org\/wp-content\/uploads\/2020\/11\/125199574_142856520901763_1941478811782792792_o.jpg 831w, https:\/\/uit-ci.org\/wp-content\/uploads\/2020\/11\/125199574_142856520901763_1941478811782792792_o-208x300.jpg 208w, https:\/\/uit-ci.org\/wp-content\/uploads\/2020\/11\/125199574_142856520901763_1941478811782792792_o-709x1024.jpg 709w, https:\/\/uit-ci.org\/wp-content\/uploads\/2020\/11\/125199574_142856520901763_1941478811782792792_o-768x1109.jpg 768w, https:\/\/uit-ci.org\/wp-content\/uploads\/2020\/11\/125199574_142856520901763_1941478811782792792_o-600x866.jpg 600w, https:\/\/uit-ci.org\/wp-content\/uploads\/2020\/11\/125199574_142856520901763_1941478811782792792_o-750x1083.jpg 750w\" sizes=\"(max-width: 104px) 100vw, 104px\" \/>Le cessez-le-feu en vigueur au Sahara occidental depuis 1991 a \u00e9t\u00e9 rompu le 13 novembre. Apr\u00e8s que la monarchie marocaine ait lanc\u00e9 une attaque militaire contre les manifestants sahraouis en bloquant la route de Guerguerat, qui traverse une zone tampon de cinq kilom\u00e8tres, qui est pr\u00e9vue par les accords de tr\u00eave et relie le Sahara occup\u00e9 par le Maroc \u00e0 la Mauritanie. Depuis le 21 octobre, les manifestants protestent contre l&#8217;utilisation ill\u00e9gale du passage frontalier, une violation marocaine du cessez-le-feu, par lequel circulent \u00e9galement des marchandises r\u00e9sultant du pillage des ressources du Sahara occidental, comme les phosphates et les produits de la p\u00eache de la plate-forme maritime. Pillage impliquant des entreprises transnationales espagnoles, am\u00e9ricaines, fran\u00e7aises et d&#8217;autres pays.<\/span><\/p>\n<p>  <!--more-->  <\/p>\n<p style=\"text-align: justify;\"><span style=\"font-family: arial, helvetica, sans-serif; font-size: small;\">En attaquant les manifestants civils, les forces r\u00e9pressives du r\u00e9gime monarchique marocain ont ouvert trois nouvelles br\u00e8ches dans le territoire militaire d&#8217;exclusion. Le Front Polisario, le mouvement de lib\u00e9ration nationale du peuple sahraoui fond\u00e9 en 1973, a repouss\u00e9 l&#8217;attaque marocaine, frappant quatre bases et deux points de surveillance avec de l&#8217;artillerie, et a d\u00e9clar\u00e9 la reprise de la guerre. \u00abLa guerre de lib\u00e9ration de tout le peuple a commenc\u00e9\u00bb, a annonc\u00e9 le Front Polisario, alors que la mobilisation g\u00e9n\u00e9rale dans les territoires lib\u00e9r\u00e9s et les camps de r\u00e9fugi\u00e9s en Alg\u00e9rie \u00e9tait activ\u00e9e. Des manifestations ont \u00e9galement eu lieu \u00e0 El Ayoun et dans d&#8217;autres villes sahraouies occup\u00e9es par le Maroc, durement r\u00e9prim\u00e9es par la monarchie.<\/span><\/p>\n<p style=\"text-align: justify;\"><span style=\"font-family: arial, helvetica, sans-serif; font-size: small;\">Le Sahara occidental est le dernier territoire reconnu par l&#8217;ONU comme \u00e9tant en attente de d\u00e9colonisation sur le continent africain. En 2019, le r\u00e9gime dictatorial marocain a insist\u00e9 sur le fait qu&#8217;il n&#8217;envisage pas un r\u00e9f\u00e9rendum qui inclurait l&#8217;option de l&#8217;ind\u00e9pendance, mais seulement une certaine autonomie au sein de l&#8217;\u00c9tat marocain.<\/span><\/p>\n<p style=\"text-align: justify;\"><span style=\"font-family: arial, helvetica, sans-serif; font-size: small;\">Les autorit\u00e9s sahraouies ont \u00e9galement demand\u00e9 le retrait de la mission de l&#8217;ONU, la MINURSO. Le but de la pr\u00e9sence de la mission de l&#8217;ONU \u00e9tait de garantir le respect des termes de la tr\u00eave et d&#8217;organiser un r\u00e9f\u00e9rendum sur l&#8217;autod\u00e9termination, \u00e0 ces deux \u00e9gards la mission a \u00e9t\u00e9 un \u00e9chec. La mission n&#8217;a jamais eu parmi ses mandats la protection des droits de l&#8217;homme des Sahraouis sous occupation marocaine, une limitation qui a \u00e9t\u00e9 d\u00e9nonc\u00e9e en permanence par les organisations sahraouies. En fait, l&#8217;ONU a surveill\u00e9 la consommation par la monarchie marocaine d&#8217;un r\u00e9gime colonial extr\u00eamement oppressif. Il b\u00e9n\u00e9ficie du soutien des imp\u00e9rialismes fran\u00e7ais et am\u00e9ricain, de r\u00e9gimes ultra-r\u00e9actionnaires comme Isra\u00ebl et l&#8217;Arabie Saoudite, ainsi que de la complicit\u00e9 de l&#8217;\u00c9tat espagnol, qui assure officiellement l\u2019administration officielle du territoire. Depuis la trahison de Felipe Gonz\u00e1lez et du PSOE dans la p\u00e9riode post-franquiste, tous les gouvernements se sont accommod\u00e9s du statu quo de l&#8217;occupation coloniale marocaine, y compris l&#8217;actuel gouvernement pseudo-progressif du PSOE et de Podemos.<\/span><\/p>\n<p style=\"text-align: justify;\"><span style=\"font-family: arial, helvetica, sans-serif; font-size: small;\">La fronti\u00e8re entre le Sahara occidental et la Mauritanie est un point chaud depuis des d\u00e9cennies. Entre 2016 et 2017, le Maroc a tent\u00e9 de paver la route de cinq kilom\u00e8tres \u00e0 travers Guerguerat entre le mur militaire marocain et la fronti\u00e8re mauritanienne, mais le Front Polisario a mobilis\u00e9 ses troupes et emp\u00each\u00e9 l&#8217;ach\u00e8vement des travaux.<\/span><\/p>\n<p style=\"text-align: justify;\"><span style=\"font-family: arial, helvetica, sans-serif; font-size: small;\">Le 8 novembre a marqu\u00e9 le dixi\u00e8me anniversaire du massacre de Gdeim Izik, l&#8217;expulsion et la destruction d&#8217;un camp de protestation impliquant quelque 20 000 Sahraouis \u00e0 la p\u00e9riph\u00e9rie d&#8217;El Ayoun, suivi d&#8217;une r\u00e9pression sauvage de la dictature marocaine dans tout le territoire occup\u00e9. A l&#8217;\u00e9poque, l&#8217;UIT-QI s&#8217;est prononc\u00e9e pour le rejet de la r\u00e9pression marocaine et le soutien \u00e0 la cause de la lib\u00e9ration du peuple sahraoui : \u00abLa lutte pour l&#8217;ind\u00e9pendance du Sahara occidental, derni\u00e8re colonie africaine, s&#8217;inscrit dans une lutte internationale pour l&#8217;expulsion des transnationales qui pillent l&#8217;Afrique, produisent des guerres internes et des g\u00e9nocides pour s&#8217;emparer de ses min\u00e9raux et de son p\u00e9trole&#8230; dans un processus de semi-colonisation de tout le continent\u00bb.<\/span><\/p>\n<p style=\"text-align: justify;\"><span style=\"font-family: arial, helvetica, sans-serif; font-size: small;\">Aujourd&#8217;hui, une fois de plus, les socialistes r\u00e9volutionnaires, nous appelons les organisations ouvri\u00e8res et populaires, qui se r\u00e9clament de la r\u00e9volution, de la d\u00e9mocratie ou de l&#8217;anti-imp\u00e9rialisme, \u00e0 soutenir le peuple sahraoui dans sa lutte pour l&#8217;autod\u00e9termination et pour la fin de l&#8217;occupation coloniale marocaine. Nous sommes \u00e9galement solidaires des amazighs et des autres minorit\u00e9s opprim\u00e9es au sein de l&#8217;\u00c9tat marocain. Exigeons que les gouvernements de tous ces pays comme l&#8217;Argentine et le Br\u00e9sil, ou la majorit\u00e9 des pays europ\u00e9ens, qui ne reconnaissent pas encore la R\u00e9publique arabe sahraouie d\u00e9mocratique, le fassent imm\u00e9diatement, et qu&#8217;ils interrompent en quelque sorte tout \u00e9change \u00e9conomique impliquant les ressources ill\u00e9galement pill\u00e9es du Sahara occup\u00e9 par les transnationales et le r\u00e9gime marocain. Avec le soutien des peuples du monde, les Sahraouis gagneraient.<\/span><\/p>\n<p style=\"text-align: justify;\"><span style=\"font-family: arial, helvetica, sans-serif; font-size: small;\">Tout le soutien au peuple sahraoui dans sa lutte pour la libert\u00e9 et l&#8217;autod\u00e9termination !<\/span><\/p>\n<p style=\"text-align: justify;\"><span style=\"font-family: arial, helvetica, sans-serif; font-size: small;\">Reconnaissance de la R\u00e9publique arabe sahraouie d\u00e9mocratique !<\/span><\/p>\n<p style=\"text-align: justify;\"><span style=\"font-family: arial, helvetica, sans-serif; font-size: small;\">\u00c0 bas la monarchie marocaine ! Libert\u00e9 pour les prisonniers politiques sahraouis et toutes les nationalit\u00e9s opprim\u00e9es au Maroc !<\/span><\/p>\n<p style=\"text-align: justify;\"><span style=\"font-family: arial, helvetica, sans-serif; font-size: small;\">Arr\u00eatez le soutien imp\u00e9rialiste \u00e0 la dictature marocaine ! \u00c0 bas l&#8217;imp\u00e9rialisme en Afrique du Nord !<\/span><\/p>\n<p style=\"text-align: justify;\"><span style=\"font-family: arial, helvetica, sans-serif; font-size: small;\">Unit\u00e9 Internationale des Travailleurs &#8211; Quatri\u00e8me Internationale (UIT-CI)<\/span><br \/><span style=\"font-family: arial, helvetica, sans-serif; font-size: small;\">14 novembre 2020<\/span><\/p>\n","protected":false},"excerpt":{"rendered":"<p>Le cessez-le-feu en vigueur au Sahara occidental depuis 1991 a \u00e9t\u00e9 rompu le 13 novembre. Apr\u00e8s que la monarchie marocaine ait lanc\u00e9 une attaque militaire contre les manifestants sahraouis en bloquant la route de Guerguerat, qui traverse une zone tampon de cinq kilom\u00e8tres, qui est pr\u00e9vue par les accords de tr\u00eave et relie le Sahara [&hellip;]<\/p>\n","protected":false},"author":1,"featured_media":4286,"comment_status":"open","ping_status":"open","sticky":false,"template":"","format":"standard","meta":[],"categories":[53],"tags":[],"_links":{"self":[{"href":"https:\/\/uit-ci.org\/index.php\/wp-json\/wp\/v2\/posts\/4288"}],"collection":[{"href":"https:\/\/uit-ci.org\/index.php\/wp-json\/wp\/v2\/posts"}],"about":[{"href":"https:\/\/uit-ci.org\/index.php\/wp-json\/wp\/v2\/types\/post"}],"author":[{"embeddable":true,"href":"https:\/\/uit-ci.org\/index.php\/wp-json\/wp\/v2\/users\/1"}],"replies":[{"embeddable":true,"href":"https:\/\/uit-ci.org\/index.php\/wp-json\/wp\/v2\/comments?post=4288"}],"version-history":[{"count":0,"href":"https:\/\/uit-ci.org\/index.php\/wp-json\/wp\/v2\/posts\/4288\/revisions"}],"wp:featuredmedia":[{"embeddable":true,"href":"https:\/\/uit-ci.org\/index.php\/wp-json\/wp\/v2\/media\/4286"}],"wp:attachment":[{"href":"https:\/\/uit-ci.org\/index.php\/wp-json\/wp\/v2\/media?parent=4288"}],"wp:term":[{"taxonomy":"category","embeddable":true,"href":"https:\/\/uit-ci.org\/index.php\/wp-json\/wp\/v2\/categories?post=4288"},{"taxonomy":"post_tag","embeddable":true,"href":"https:\/\/uit-ci.org\/index.php\/wp-json\/wp\/v2\/tags?post=4288"}],"curies":[{"name":"wp","href":"https:\/\/api.w.org\/{rel}","templated":true}]}}