{"id":4305,"date":"2020-11-25T14:23:24","date_gmt":"2020-11-25T14:23:24","guid":{"rendered":"http:\/\/uit-ci.org\/index.php\/2020\/11\/25\/algerie-le-hirak-un-mouvement-populaire-enracine-dans-la-realite-sociale-et-politique-de-lalgerie-profonde\/"},"modified":"2020-11-25T14:23:24","modified_gmt":"2020-11-25T14:23:24","slug":"algerie-le-hirak-un-mouvement-populaire-enracine-dans-la-realite-sociale-et-politique-de-lalgerie-profonde","status":"publish","type":"post","link":"https:\/\/uit-ci.org\/index.php\/2020\/11\/25\/algerie-le-hirak-un-mouvement-populaire-enracine-dans-la-realite-sociale-et-politique-de-lalgerie-profonde\/","title":{"rendered":"ALGERIE. LE HIRAK : UN MOUVEMENT POPULAIRE, ENRACINE DANS LA REALITE SOCIALE ET POLITIQUE DE L\u2019ALGERIE PROFONDE"},"content":{"rendered":"<p style=\"text-align: justify;\"><span style=\"font-family: arial, helvetica, sans-serif; font-size: small;\"><img loading=\"lazy\" class=\" alignleft size-full wp-image-4279\" src=\"http:\/\/uit-ci.org\/wp-content\/uploads\/2020\/11\/Argelia-1.jpg\" width=\"246\" height=\"150\" alt=\"Argelia-1\" style=\"margin: 5px; float: left;\" srcset=\"https:\/\/uit-ci.org\/wp-content\/uploads\/2020\/11\/Argelia-1.jpg 1960w, https:\/\/uit-ci.org\/wp-content\/uploads\/2020\/11\/Argelia-1-300x183.jpg 300w, https:\/\/uit-ci.org\/wp-content\/uploads\/2020\/11\/Argelia-1-1024x625.jpg 1024w, https:\/\/uit-ci.org\/wp-content\/uploads\/2020\/11\/Argelia-1-768x469.jpg 768w, https:\/\/uit-ci.org\/wp-content\/uploads\/2020\/11\/Argelia-1-1536x938.jpg 1536w, https:\/\/uit-ci.org\/wp-content\/uploads\/2020\/11\/Argelia-1-600x366.jpg 600w, https:\/\/uit-ci.org\/wp-content\/uploads\/2020\/11\/Argelia-1-750x458.jpg 750w, https:\/\/uit-ci.org\/wp-content\/uploads\/2020\/11\/Argelia-1-1140x696.jpg 1140w\" sizes=\"(max-width: 246px) 100vw, 246px\" \/>Les chiffres officiels, viennent d\u2019annoncer cette incontournable v\u00e9rit\u00e9. Le peuple alg\u00e9rien, a rejet\u00e9 le projet de r\u00e9vision constitutionnelle par un boycott d\u2019une \u00e9crasante majorit\u00e9 (76,6 %). Seuls, selon les chiffres officiels 23,7 %, ont emprunt\u00e9 le chemin des bureaux de vote. <\/span><\/p>\n<p>  <!--more-->  <\/p>\n<p style=\"text-align: justify;\"><span style=\"font-family: arial, helvetica, sans-serif; font-size: small;\">Les bastions \u00e9lectoraux traditionnels du parti unique (des r\u00e9gions du sud), soumises alors au diktat de certaines f\u00e9odalit\u00e9s locales, ont boycott\u00e9 le projet. Des milieux officieux, li\u00e9s aux barons du r\u00e9gime parle d\u2019une participation d\u2019\u00e0 peine 6 %. Bref, cette consultation r\u00e9f\u00e9rendum qui voulait avec l\u2019\u00e9lection-d\u00e9signation du 12 d\u00e9cembre 2019 d\u2019Abdelmadjid Tebboune, vendre une \u00ab nouvelle Alg\u00e9rie \u00bb, absorber le potentiel de mobilisation du Hirak et sauver le syst\u00e8me en lui cr\u00e9ant une nouvelle base sociale, est un v\u00e9ritable camouflet \u00e0 tous les concepteurs et architectes du syst\u00e8me alg\u00e9rien. Pour Fatiha Benabbou, constitutionnaliste connue sue la place d\u2019Alger, \u00ab Repouss\u00e9 par le peuple, le projet de r\u00e9vision Constitutionnelle doit \u00eatre abandonn\u00e9 \u00bb. Elle appelle le pouvoir, \u00e0 travers la personne de son pr\u00e9sident, \u00ab \u00e0 faire une lecture politique des r\u00e9sultats du r\u00e9f\u00e9rendum, sur le projet de r\u00e9vision de la Constitution \u00bb. La question de la l\u00e9gitimit\u00e9 est plus importante que celle de la l\u00e9galit\u00e9. Sur le plan l\u00e9gal, il n\u2019y a aucun texte qui fait r\u00e9f\u00e9rence au seuil de participation qui doit \u00eatre atteint, pour valider le projet. Moyennant quoi, le r\u00e9gime et ses affid\u00e9s, ont exploit\u00e9 cette faille pour faire un passage en force du projet de r\u00e9vision et proclamer contre toute attente, des r\u00e9sultats surr\u00e9alistes. Sur un corps \u00e9lectoral compos\u00e9 de 23 583 000 \u00e9lecteurs inscrits, seuls 5 586 259 se sont exprim\u00e9s sur le projet de r\u00e9vision constitutionnelle, dont 33,80 % de non. Pour tous les observateurs de la sc\u00e8ne politique, ce passage en force consacre \u00ab Le non respect et les violations syst\u00e9matique des droits politiques et des droits de l\u2019homme \u00bb. Ils pr\u00e9voient une acc\u00e9l\u00e9ration de la crise du syst\u00e8me. Le Pr\u00e9sident \u00e9vacu\u00e9 en urgence par un avion priv\u00e9 fran\u00e7ais sur un h\u00f4pital \u00e0 Cologne, puis \u00e0 Berlin, souffrant d\u2019une maladie chronique et atteint du Covid-19, sort tr\u00e8s affaibli politiquement de ce scrutin, lui qui restait marqu\u00e9 par un grand d\u00e9ficit de l\u00e9gitimit\u00e9. Les d\u00e9cideurs du r\u00e9gime sont dos au mur. Ils ont \u00e9puis\u00e9 toutes possibilit\u00e9s de garder le pouvoir avec un Smig de consensus. Le forcing fait pour capter ou r\u00e9primer le potentiel de radicalit\u00e9 du Hirak, a fait choux blanc. Le rejet du projet de r\u00e9vision constitutionnelle, est une lamentable d\u00e9confiture. Le pouvoir n\u2019a plus de ressort pour maintenir son ascendant sur la soci\u00e9t\u00e9. Comme dans les sombres ann\u00e9es de plomb, il apporte des solutions s\u00e9curitaires \u00e0 des probl\u00e8mes politiques de la soci\u00e9t\u00e9. Quand la soci\u00e9t\u00e9 alg\u00e9rienne a de la fi\u00e8vre, il faut casser le thermom\u00e8tre. Le pouvoir avec les reclassements, les \u00e9liminations et les r\u00e8glements de compte, s\u2019est raidi sur le noyau le plus dur de l\u2019Etat major de l\u2019arm\u00e9e et des services de s\u00e9curit\u00e9. La gestion de la r\u00e9alit\u00e9 du pouvoir, se suffit de la r\u00e9pression brutale et de la parano\u00efa de la main \u00e9trang\u00e8re. Comme l\u2019affirme un politologue alg\u00e9rien de renom, \u00ab C\u2019est la perte du sens des r\u00e9alit\u00e9s par le pouvoir, sa perte de toute expertise et ing\u00e9nierie politique. Y compris dans la r\u00e9pression \u00bb. Il explique que le raidissement de ce noyau dur, \u00ab ne connait plus m\u00eame les lignes rouges pour sa survie, comme la tentation de mettre fin au multipartisme de fa\u00e7ade qui participe \u00e0 sa r\u00e9g\u00e9n\u00e9ration \u00bb. C\u2019est l\u00e0, la seule option que les concepteurs thurif\u00e9raires du r\u00e9gime alg\u00e9rien, ont trouv\u00e9 face \u00e0 la fulgurance du Hirak. Le pr\u00e9sident mal \u00e9lu, n\u2019est qu\u2019un hyper concentr\u00e9 de ce raidissement du noyau r\u00e9siduel du pouvoir de Bouteflika, sur sa seule option r\u00e9pressive. Tebboune incarne cette d\u00e9pr\u00e9ciation dans la nature du pouvoir, dit Ali Bens\u00e2ada qui s\u2019exprime par exemple, dans toute une gesticulation \u00ab qui mobilise les moyens r\u00e9galiens de l\u2019Etat, contre un simple journaliste quel que soit son talent.<\/span><\/p>\n<p style=\"text-align: justify;\"><span style=\"font-family: arial, helvetica, sans-serif; font-size: small;\">Quelle est d\u00e9sormais la situation politique, au lendemain de ce r\u00e9f\u00e9rendum ?<\/span><\/p>\n<p style=\"text-align: justify;\"><span style=\"font-family: arial, helvetica, sans-serif; font-size: small;\">Il faut reprendre, l\u2019affirmation d\u2019une constitutionnaliste d\u00e9j\u00e0 cit\u00e9e : \u00ab Il vaut mieux ne pas avoir de loi que d\u2019en avoir une qui divise \u00bb. Par le biais du non ou par l\u2019abstention, la Constitution est ill\u00e9gitime. Elle est de fait obsol\u00e8te, parce que repouss\u00e9e par le corps \u00e9lectoral, donc le peuple qui a vot\u00e9 avec ses pieds un 22 f\u00e9vrier 2019. La question de la l\u00e9gitimit\u00e9 est au c\u0153ur de la crise politique. Utiliser une Constitution qui n\u2019a pas le consentement du peuple, c\u2019est mettre un caut\u00e8re sur une jambe de bois. Elle aura pour vocation dangereuse non pas d\u2019instaurer un consensus sur les questions fondamentales, mais de remettre en cause l\u2019unit\u00e9 du peuple. L\u2019article 209 de la Constitution, est clair et \u00e9nonce que lorsque la Constitution est repouss\u00e9e par le peuple, elle devient caduque. Les r\u00e9sultats officiels, ont surpris par leur v\u00e9rit\u00e9 brutale bien qu\u2019ils soient encore loin de la r\u00e9alit\u00e9 vraie. Ils n\u2019ont pas cependant livr\u00e9s tout leur secret. Le syst\u00e8me ne nous a pas habitu\u00e9s \u00e0 une telle transparence. Y aurait-il une arri\u00e8re-pens\u00e9e ? C\u2019est \u00e9vident. Affaiblir un pr\u00e9sident malade qui risque d\u2019\u00eatre impotent, pour le pousser vers la porte de sortie ? D\u2019aucuns estiment qu\u2019on est d\u00e9j\u00e0 dans l\u2019apr\u00e8s Tebboune. La sarabande des consultations des personnalit\u00e9s nationales, par les d\u00e9cideurs aurait commenc\u00e9. Seraient-ils en qu\u00eate encore une fois d\u2019un sauveur, au lieu de laisser ce peuple qui a prouv\u00e9 mille fois sa maturit\u00e9 politique, de d\u00e9cider pour son propre destin national ? Le mouvement populaire lui, nait un 22 f\u00e9vrier 2019, a subi de plein fouet la pesanteur d\u2019une pand\u00e9mie que le pouvoir a instrumentalis\u00e9 pour essayer d\u2019avoir raison de sa radicalit\u00e9 ascendante. Il vient de perdre une figure charismatique, en la personne de Lakhdar Boureg\u00e2a, h\u00e9ros national de la guerre de lib\u00e9ration et opposant irr\u00e9ductible au syst\u00e8me depuis le d\u00e9but de l\u2019ind\u00e9pendance, en 1962. Emprisonn\u00e9 \u00e0 l\u2019\u00e2ge de 86 ans au plus fort du Hirak, il vient de s\u2019\u00e9teindre terrass\u00e9 par l\u2019\u00e9pid\u00e9mie du Covid-19. Le Hirak a recul\u00e9, mais il s\u2019est profond\u00e9ment enracin\u00e9 dans la soci\u00e9t\u00e9 et dans les replis du pays profond. Les slogans du Hirak malgr\u00e9 leurs limites, impr\u00e8gnent le mouvement dynamique dans les quatre coins du pays, \u00e0 Bordj Bou Arreridj, \u00e0 B\u00e9ni Ourtilane, \u00e0 Akbou, \u00e0 Tazmalt, \u00e0 B\u00e9jaia, \u00e0 Ghardaia, \u00e0 Tizi Ouzou, \u00e0 Biskra, \u00e0 Oued Souf et n\u2019importe o\u00f9 ailleurs, en Alg\u00e9rie. Il faut absolument inscrire cette pratique de lutte, dans la dur\u00e9e pour qu\u2019elle puisse accoucher du niveau de conscience politique requis.<\/span><\/p>\n<p style=\"text-align: justify;\"><span style=\"font-family: arial, helvetica, sans-serif; font-size: x-small;\">1 El Watan du jeudi 5 novembre 2020. \u00ab Repouss\u00e9 par le peuple, le projet de r\u00e9vision constitutionnelle doit-\u00eatre abandonn\u00e9 \u00bb.<\/span><br \/><span style=\"font-family: arial, helvetica, sans-serif; font-size: x-small;\">2 Ali Bens\u00e2ada. La radicalisation de la r\u00e9pression et du pouvoir, l \u00bbarm\u00e9e et la main de l\u2019\u00e9tranger. 4 octobre 2020<\/span><\/p>\n<p style=\"text-align: justify;\"><span style=\"font-family: arial, helvetica, sans-serif; font-size: small;\">Chamil<\/span><\/p>\n","protected":false},"excerpt":{"rendered":"<p>Les chiffres officiels, viennent d\u2019annoncer cette incontournable v\u00e9rit\u00e9. Le peuple alg\u00e9rien, a rejet\u00e9 le projet de r\u00e9vision constitutionnelle par un boycott d\u2019une \u00e9crasante majorit\u00e9 (76,6 %). Seuls, selon les chiffres officiels 23,7 %, ont emprunt\u00e9 le chemin des bureaux de vote.<\/p>\n","protected":false},"author":1,"featured_media":4279,"comment_status":"open","ping_status":"open","sticky":false,"template":"","format":"standard","meta":[],"categories":[53],"tags":[],"_links":{"self":[{"href":"https:\/\/uit-ci.org\/index.php\/wp-json\/wp\/v2\/posts\/4305"}],"collection":[{"href":"https:\/\/uit-ci.org\/index.php\/wp-json\/wp\/v2\/posts"}],"about":[{"href":"https:\/\/uit-ci.org\/index.php\/wp-json\/wp\/v2\/types\/post"}],"author":[{"embeddable":true,"href":"https:\/\/uit-ci.org\/index.php\/wp-json\/wp\/v2\/users\/1"}],"replies":[{"embeddable":true,"href":"https:\/\/uit-ci.org\/index.php\/wp-json\/wp\/v2\/comments?post=4305"}],"version-history":[{"count":0,"href":"https:\/\/uit-ci.org\/index.php\/wp-json\/wp\/v2\/posts\/4305\/revisions"}],"wp:featuredmedia":[{"embeddable":true,"href":"https:\/\/uit-ci.org\/index.php\/wp-json\/wp\/v2\/media\/4279"}],"wp:attachment":[{"href":"https:\/\/uit-ci.org\/index.php\/wp-json\/wp\/v2\/media?parent=4305"}],"wp:term":[{"taxonomy":"category","embeddable":true,"href":"https:\/\/uit-ci.org\/index.php\/wp-json\/wp\/v2\/categories?post=4305"},{"taxonomy":"post_tag","embeddable":true,"href":"https:\/\/uit-ci.org\/index.php\/wp-json\/wp\/v2\/tags?post=4305"}],"curies":[{"name":"wp","href":"https:\/\/api.w.org\/{rel}","templated":true}]}}