{"id":4324,"date":"2020-12-04T14:38:32","date_gmt":"2020-12-04T14:38:32","guid":{"rendered":"http:\/\/uit-ci.org\/index.php\/2020\/12\/04\/peru-contra-la-ley-de-explotacion-agraria-justicia-por-jorge-munoz\/"},"modified":"2020-12-04T14:38:32","modified_gmt":"2020-12-04T14:38:32","slug":"peru-contra-la-ley-de-explotacion-agraria-justicia-por-jorge-munoz","status":"publish","type":"post","link":"https:\/\/uit-ci.org\/index.php\/2020\/12\/04\/peru-contra-la-ley-de-explotacion-agraria-justicia-por-jorge-munoz\/","title":{"rendered":"Per\u00fa: Contra la ley de explotaci\u00f3n agraria. Justicia por Jorge Mu\u00f1oz"},"content":{"rendered":"<p style=\"text-align: justify;\"><span style=\"font-family: arial, helvetica, sans-serif; font-size: small;\"><img loading=\"lazy\" class=\" alignleft size-full wp-image-4323\" src=\"http:\/\/uit-ci.org\/wp-content\/uploads\/2020\/12\/RDKOF2YCDZDAXLUQUN64OU47HM.jpg\" width=\"202\" height=\"115\" alt=\"RDKOF2YCDZDAXLUQUN64OU47HM\" style=\"margin: 5px; float: left;\" srcset=\"https:\/\/uit-ci.org\/wp-content\/uploads\/2020\/12\/RDKOF2YCDZDAXLUQUN64OU47HM.jpg 580w, https:\/\/uit-ci.org\/wp-content\/uploads\/2020\/12\/RDKOF2YCDZDAXLUQUN64OU47HM-300x171.jpg 300w\" sizes=\"(max-width: 202px) 100vw, 202px\" \/><br style=\"clear: both;\" \/>\u00a1TODOS A LA CALLE HASTA TERMINAR CON LA LEY DE EXPLOTACI\u00d3N AGRARIA Y LA CONSTITUCI\u00d3N FUJIMORISTA DE 1993 ! \u00a1JUSTICIA PARA JORGE MU\u00d1OZ!<\/span><\/p>\n<p style=\"text-align: justify;\"><span style=\"font-family: arial, helvetica, sans-serif; font-size: small;\">Siguiendo el hilo del estallido social que derrib\u00f3 al gobierno de Merino, los trabajadores agrarios, quienes con su trabajo producen los alimentos que nutren a nuestras familias, se cansaron de soportar la terrible explotaci\u00f3n impuesta por los grandes empresarios capitalistas agroexportadores, quienes con el aval del Estado transforman el trabajo del pueblo en millonarias ganancias.<\/span><\/p>\n<p>  <!--more-->  <\/p>\n<p style=\"text-align: justify;\"><span style=\"font-family: arial, helvetica, sans-serif; font-size: small;\">Desde hace 20 a\u00f1os, todos los gobiernos, desde Fujimori, sostienen la explotadora Ley de Promoci\u00f3n Agraria, mediante la cual se otorgan exoneraciones impositivas, as\u00ed como beneficios tributarios a los capitalistas y se les permite contratar mano de obra barata y sin derechos o derechos recortados como CTS, salud, vacaciones y otros, con el \u00fanico objetivo de sostener un modelo que solo les cuida las ganancias a los grandes empresarios.<\/span><\/p>\n<p style=\"text-align: justify;\"><span style=\"font-family: arial, helvetica, sans-serif; font-size: small;\">\u00a1Hoy todos somos trabajadores agrarios!<\/span><\/p>\n<p style=\"text-align: justify;\"><span style=\"font-family: arial, helvetica, sans-serif; font-size: small;\">Los bajos salarios, las p\u00e9simas condiciones de trabajo, las jornadas extenuantes, y la falta de derechos es lo que tiene que soportar el pueblo trabajador, y no solo del sector agroexportador, donde el Estado legaliz\u00f3 la informalidad. En Ica y la costa colonizada por los saqueadores del agro el problema se llama \u00abLey de Promoci\u00f3n Agraria\u00bb; en el resto del Per\u00fa se llama CAS, SERVIR y tercerizaci\u00f3n laboral.<\/span><\/p>\n<p style=\"text-align: justify;\"><span style=\"font-family: arial, helvetica, sans-serif; font-size: small;\">Llamamos al conjunto del pueblo trabajador y a sus organizaciones a nacionalizar la lucha y rodear de solidaridad activa a los trabajadores agrarios del Valle de Ica. A la juventud que derrot\u00f3 a Merino a seguir en las calles enfrentando el ajuste neoliberal de Sagasti y la CONFIEP que, con el Presupuesto neoliberal 2021, nos endeudaron como pa\u00eds para salvar a los grandes capitalistas, mientras que mantienen sus pol\u00edticas de ajuste contra la salud p\u00fablica y la violencia contra la mujer.<\/span><\/p>\n<p style=\"text-align: justify;\"><span style=\"font-family: arial, helvetica, sans-serif; font-size: small;\">Llamamos a los sindicatos en lucha a realizar plantones, movilizaciones y acciones unitarias hasta que caiga la \u201cLey de Promoci\u00f3n Agraria\u201d que el Gobierno quiere extender a otros sectores afines, legalizando la informalidad, atacando los derechos de todo pueblo trabajador.<\/span><\/p>\n<p style=\"text-align: justify;\"><span style=\"font-family: arial, helvetica, sans-serif; font-size: small;\">Luchemos y exijamos a las centrales sindicales el paro nacional que sintonice con el pueblo en lucha y desde las calles conquistar un inmediato aumento del salario m\u00ednimo y jubilaciones a un monto m\u00ednimo de S\/. 1,400 soles acorde a la canasta familiar, para terminar con toda precarizaci\u00f3n laboral, para terminar con la suspensi\u00f3n perfecta de labores y los subsidios a los capitalistas que se llevaron aproximadamente S\/. 130 mil millones de soles en los \u00faltimos 10 a\u00f1os.<\/span><\/p>\n<p style=\"text-align: justify;\"><span style=\"font-family: arial, helvetica, sans-serif; font-size: small;\">Basta de represi\u00f3n y persecuci\u00f3n a los que luchan.<\/span><\/p>\n<p style=\"text-align: justify;\"><span style=\"font-family: arial, helvetica, sans-serif; font-size: small;\">Mientras el pueblo trabajador de Ica se revela, el Gobierno env\u00eda a la asesina PNP para reprimir el leg\u00edtimo Paro Agrario en La Libertad, cobr\u00e1ndose hasta el momento la vida de Jorge Mu\u00f1oz (19) y una veintena de heridos. Sagasti dice tener mano dura, pero ahora tambi\u00e9n la tiene manchada de sangre; sin embargo, persiste con su plan de criminalizar a los luchadores bajo el trillado y gastado m\u00e9todo del terruqueo. Exigimos, \u00a1justicia para Jorge Mu\u00f1oz!<\/span><\/p>\n<p style=\"text-align: justify;\"><span style=\"font-family: arial, helvetica, sans-serif; font-size: small;\">Repudiamos la insana persecuci\u00f3n a los que luchan y rechazamos las detenciones arbitrarias contra 70 militantes del MOVADEF, con quienes no tenemos ning\u00fan acuerdo metodol\u00f3gico, ni pol\u00edtico, ni t\u00e1ctico, ni estrat\u00e9gico, ni de ning\u00fan tipo, pero defendemos el derecho democr\u00e1tico a la libertad de pensamiento y de organizaci\u00f3n. \u00a1No podemos permitir que encarcelen personas por sus ideas! En ese marco, llamamos a todas las organizaciones de derechos humanos a pronunciarse en ese sentido, m\u00e1s all\u00e1 de las claras e irrenunciables diferencias y de nuestra condena firme y consecuente contra el m\u00e9todo terrorista. Las aparatosas detenciones se dan justo cuando necesitan blanquear la imagen de la PNP y les da soporte pol\u00edtico a las desvergonzadas declaraciones de Cill\u00f3niz y su terruqueo de los trabajadores en paro.<\/span><\/p>\n<p style=\"text-align: justify;\"><span style=\"font-family: arial, helvetica, sans-serif; font-size: small;\">\u00a1Asamblea constituyente libre y soberana ya!<\/span><\/p>\n<p style=\"text-align: justify;\"><span style=\"font-family: arial, helvetica, sans-serif; font-size: small;\">\u00a1Vamos por todo! Todos estos beneficios del que gozan los capitalistas est\u00e1n pactados en la Constituci\u00f3n de 1993. El pueblo ya habl\u00f3 con el estallido social: \u00a1Esto no va m\u00e1s! El gobierno de Sagasti dice que no va a convocar a ninguna asamblea constituyente, que al cambio de Constituci\u00f3n lo har\u00e1 el pr\u00f3ximo Gobierno. \u00a1No! A la Constituci\u00f3n la debe cambiar el pueblo trabajador movilizado y organizado, es por eso que exigimos una asamblea constituyente libre y soberana ya, para cambiarlo todo y sepultar el podrido r\u00e9gimen del 93.<\/span><\/p>\n<p style=\"text-align: justify;\"><span style=\"font-family: arial, helvetica, sans-serif; font-size: small;\">Desde el Partido de los Trabajadores-Un\u00edos llamamos a seguir en las calles, a sostener asambleas en lugares de trabajo, estudio, barrios y zonales, para poner en marcha la unidad del pueblo trabajador, los campesinos, las mujeres y la juventud, hasta terminar con este modelo corrupto y explotador y para que gobiernen los trabajadores.<\/span><\/p>\n<p style=\"text-align: justify;\"><span style=\"font-family: arial, helvetica, sans-serif; font-size: small;\">\u00a1Anulaci\u00f3n ya de la Ley de Promoci\u00f3n Agraria!<\/span><\/p>\n<p style=\"text-align: justify;\"><span style=\"font-family: arial, helvetica, sans-serif; font-size: small;\">\u00a1Aumento salarial ya para todos los trabajadores y jubilados!<\/span><\/p>\n<p style=\"text-align: justify;\"><span style=\"font-family: arial, helvetica, sans-serif; font-size: small;\">\u00a1Basta de CAS, tercerizaci\u00f3n e informalidad!<\/span><\/p>\n<p style=\"text-align: justify;\"><span style=\"font-family: arial, helvetica, sans-serif; font-size: small;\">\u00a1Plata para salario, trabajo, salud y educaci\u00f3n, no para salvar a los capitalistas!<\/span><\/p>\n<p style=\"text-align: justify;\"><span style=\"font-family: arial, helvetica, sans-serif; font-size: small;\">\u00a1Abajo la represi\u00f3n y persecuci\u00f3n a los que luchan!<\/span><\/p>\n<p style=\"text-align: justify;\"><span style=\"font-family: arial, helvetica, sans-serif; font-size: small;\">\u00a1Justicia para Jorge Mu\u00f1oz!<\/span><\/p>\n<p style=\"text-align: justify;\"><span style=\"font-family: arial, helvetica, sans-serif; font-size: small;\">\u00a1Ninguna confianza en Sagasti ni su nuevo Gabinete de explotadores edulcorados!<\/span><\/p>\n<p style=\"text-align: justify;\"><span style=\"font-family: arial, helvetica, sans-serif; font-size: small;\">Partido de los Trabajadores-Un\u00edos<\/span><br \/><span style=\"font-family: arial, helvetica, sans-serif; font-size: small;\">3 de diciembre 2020<\/span><\/p>\n","protected":false},"excerpt":{"rendered":"<p>\u00a1TODOS A LA CALLE HASTA TERMINAR CON LA LEY DE EXPLOTACI\u00d3N AGRARIA Y LA CONSTITUCI\u00d3N FUJIMORISTA DE 1993 ! \u00a1JUSTICIA PARA JORGE MU\u00d1OZ! Siguiendo el hilo del estallido social que derrib\u00f3 al gobierno de Merino, los trabajadores agrarios, quienes con su trabajo producen los alimentos que nutren a nuestras familias, se cansaron de soportar la [&hellip;]<\/p>\n","protected":false},"author":1,"featured_media":4323,"comment_status":"open","ping_status":"open","sticky":false,"template":"","format":"standard","meta":[],"categories":[60],"tags":[],"_links":{"self":[{"href":"https:\/\/uit-ci.org\/index.php\/wp-json\/wp\/v2\/posts\/4324"}],"collection":[{"href":"https:\/\/uit-ci.org\/index.php\/wp-json\/wp\/v2\/posts"}],"about":[{"href":"https:\/\/uit-ci.org\/index.php\/wp-json\/wp\/v2\/types\/post"}],"author":[{"embeddable":true,"href":"https:\/\/uit-ci.org\/index.php\/wp-json\/wp\/v2\/users\/1"}],"replies":[{"embeddable":true,"href":"https:\/\/uit-ci.org\/index.php\/wp-json\/wp\/v2\/comments?post=4324"}],"version-history":[{"count":0,"href":"https:\/\/uit-ci.org\/index.php\/wp-json\/wp\/v2\/posts\/4324\/revisions"}],"wp:featuredmedia":[{"embeddable":true,"href":"https:\/\/uit-ci.org\/index.php\/wp-json\/wp\/v2\/media\/4323"}],"wp:attachment":[{"href":"https:\/\/uit-ci.org\/index.php\/wp-json\/wp\/v2\/media?parent=4324"}],"wp:term":[{"taxonomy":"category","embeddable":true,"href":"https:\/\/uit-ci.org\/index.php\/wp-json\/wp\/v2\/categories?post=4324"},{"taxonomy":"post_tag","embeddable":true,"href":"https:\/\/uit-ci.org\/index.php\/wp-json\/wp\/v2\/tags?post=4324"}],"curies":[{"name":"wp","href":"https:\/\/api.w.org\/{rel}","templated":true}]}}