{"id":4347,"date":"2020-12-17T15:32:45","date_gmt":"2020-12-17T15:32:45","guid":{"rendered":"http:\/\/uit-ci.org\/index.php\/2020\/12\/17\/desde-portugal-e-italia-sobre-el-vii-congreso-mundial-de-la-uit-ci\/"},"modified":"2020-12-17T15:32:45","modified_gmt":"2020-12-17T15:32:45","slug":"desde-portugal-e-italia-sobre-el-vii-congreso-mundial-de-la-uit-ci","status":"publish","type":"post","link":"https:\/\/uit-ci.org\/index.php\/2020\/12\/17\/desde-portugal-e-italia-sobre-el-vii-congreso-mundial-de-la-uit-ci\/","title":{"rendered":"Desde Portugal e Italia sobre el VII Congreso Mundial de la UIT-CI"},"content":{"rendered":"<p style=\"text-align: justify;\"><strong><span style=\"font-family: arial, helvetica, sans-serif; font-size: small;\"><img loading=\"lazy\" class=\" alignleft size-full wp-image-4346\" src=\"http:\/\/uit-ci.org\/wp-content\/uploads\/2020\/12\/saludosuit.jpg\" width=\"233\" height=\"131\" alt=\"saludosuit\" style=\"margin: 5px; float: left;\" srcset=\"https:\/\/uit-ci.org\/wp-content\/uploads\/2020\/12\/saludosuit.jpg 2240w, https:\/\/uit-ci.org\/wp-content\/uploads\/2020\/12\/saludosuit-300x169.jpg 300w, https:\/\/uit-ci.org\/wp-content\/uploads\/2020\/12\/saludosuit-1024x576.jpg 1024w, https:\/\/uit-ci.org\/wp-content\/uploads\/2020\/12\/saludosuit-768x432.jpg 768w, https:\/\/uit-ci.org\/wp-content\/uploads\/2020\/12\/saludosuit-1536x864.jpg 1536w, https:\/\/uit-ci.org\/wp-content\/uploads\/2020\/12\/saludosuit-2048x1152.jpg 2048w, https:\/\/uit-ci.org\/wp-content\/uploads\/2020\/12\/saludosuit-600x338.jpg 600w, https:\/\/uit-ci.org\/wp-content\/uploads\/2020\/12\/saludosuit-750x422.jpg 750w, https:\/\/uit-ci.org\/wp-content\/uploads\/2020\/12\/saludosuit-1140x641.jpg 1140w\" sizes=\"(max-width: 233px) 100vw, 233px\" \/><br style=\"clear: both;\" \/>Gil Garcia, del MAS de Portugal<\/span><\/strong><\/p>\n<p style=\"text-align: justify;\"><span style=\"font-family: arial, helvetica, sans-serif; font-size: small;\">\u201cNos alegr\u00f3 mucho el ambiente fraternal y de buen nivel de discusi\u00f3n pol\u00edtica\u201d<\/span><\/p>\n<p style=\"text-align: justify;\"><span style=\"font-family: arial, helvetica, sans-serif; font-size: small;\">Compa\u00f1eros de la UIT-CI, desde el Movimiento de Alternativa Socialista (MAS) de Portugal nos congratulamos por el congreso exitoso al que hemos sido invitados a participar.<\/span><\/p>\n<p>  <!--more-->  <\/p>\n<p style=\"text-align: justify;\"><span style=\"font-family: arial, helvetica, sans-serif; font-size: small;\"> Nos alegr\u00f3 mucho el ambiente fraternal y de buen nivel de discusi\u00f3n pol\u00edtica. Los dos temas centrales de la reuni\u00f3n, la situaci\u00f3n mundial y la cuesti\u00f3n del ambiente, colocan a la Internacional UIT-CI en los grandes debates de la situaci\u00f3n mundial en este per\u00edodo muy convulsivo. Nos pareci\u00f3 una discusi\u00f3n muy interesante, con cuadros de numerosos pa\u00edses, que en el inicio, cuando establecimos contacto para conocer mejor esta Internacional, no ten\u00edamos la percepci\u00f3n de la cantidad de grupos, partidos y compa\u00f1eros de diversas partes y continentes que estar\u00edan presentes. Fue una sorpresa agradable con muy buenas contribuciones. Tambi\u00e9n nos pareci\u00f3 muy interesante la elaboraci\u00f3n reciente sobre el papel de China y la relaci\u00f3n con los Estados Unidos. Es muy interesante y tenemos acuerdo con la ilusi\u00f3n que genera la din\u00e1mica de la polarizaci\u00f3n social que avanza en el planeta. Por eso vamos a continuar charlando, es muy importante que haya una perspectiva de unificaci\u00f3n y de aproximaciones de distintos agrupamientos y corrientes y, en ese sentido, es que participamos de este congreso de la UIT-CI y seguiremos charlando con vistas a buscar una confluencia com\u00fan para reconstruir una Internacional revolucionaria. Seguiremos adelante compa\u00f1eros, gracias.<\/span><\/p>\n<p style=\"text-align: justify;\"><strong><span style=\"font-family: arial, helvetica, sans-serif; font-size: small;\">Lukas, militante revolucionario invitado de Italia*<\/span><\/strong><\/p>\n<p style=\"text-align: justify;\"><span style=\"font-family: arial, helvetica, sans-serif; font-size: small;\">\u201cEl sendero emprendido por la UIT-CI es el rumbo correcto\u201d<\/span><\/p>\n<p style=\"text-align: justify;\"><span style=\"font-family: arial, helvetica, sans-serif; font-size: small;\">La primera sensaci\u00f3n que sent\u00ed al ser participe del Congreso de la UIT es la presencia de una multitud de compa\u00f1eros y compa\u00f1eras de distintas latitudes de todo el globo. Para m\u00ed, que estaba acostumbrado al peque\u00f1o n\u00famero de organizaciones que formaban parte de la vieja CRCI, el impacto fue chocante, en un sentido bien positivo. Intervine sobre el punto Mundial del Congreso junto a compa\u00f1eros y compa\u00f1eras que hab\u00edan participado y participan de las mayores luchas mundiales de hoy. Entre otros, los compa\u00f1eros venezolanos del PSL que luchan en contra de las pol\u00edticas del gobierno bonapartista de Nicolas Maduro o los compa\u00f1eros argentinos de Izquierda Socialista comprometido en la lucha para la legalizaci\u00f3n del aborto. Emocionante, fue ver el acto de juramento del compa\u00f1ero Juan Carlos Giordano, en que el mismo juraba como diputado trabajador y no como congresista.<\/span><\/p>\n<p style=\"text-align: justify;\"><span style=\"font-family: arial, helvetica, sans-serif; font-size: small;\">Los dos dias de Congreso al que particip\u00e9 abordaron temas muy concretos con que los socialistas revolucionarios de todo el mundo deben enfrentarse. La crisis provocada por el coronavirus no es sencillamente una crisis sanitaria es antes que nada una crisis de sistema, otra mas de ese sistema perverso llamado capitalismo, una de las mas graves de la historia, para el capitalismo. El coronavirus mete m\u00e1s le\u00f1a al fuego de la crisis econ\u00f3mica mundial y provoca una nueva crisis aguda. No es m\u00e1s de lo mismo de la crisis anterior, sino que es un salto y provoca una crisis in\u00e9dita en el capitalismo, con sus consecuencias para la burgues\u00eda y tambi\u00e9n para las masas. Se est\u00e1 provocando un cambio colosal para el capitalismo y en la humanidad en su conjunto. Asi se pronuncia, correctamente, el documento de actualizacion mundial del Congreso, llegando a subrayar que el eslabon mas debil en ese contexto objetivo de caida de los regimenes del capitalismo es la cuestion de la direccion de la clase trabajadora. Esa dificil perspectiva es resumida en el cap\u00edtulo 5 del documento mundial: \u201cLa crisis de los viejos y los nuevos reformismos y el vac\u00edo de direcci\u00f3n revolucionaria.\u201d<\/span><\/p>\n<p style=\"text-align: justify;\"><span style=\"font-family: arial, helvetica, sans-serif; font-size: small;\">Como tuve posibilidad de decirlo en mi intervencion oral aqui la repito por escrito: Comparto el texto de la UIT, especialmente las reivindicaciones finales que son el marco de la consigna mas importante: \u201cQue la crisis del capital la paguen los capitalistas y no los trabajadores\u201d. Los seis puntos de lucha representan reivindicaciones transitorias v\u00e1lidas para todas las nacionalidades aqui reunidas. Retomemos las ense\u00f1anzas de Le\u00f3n Trotsky: tarea estrat\u00e9gica de la IV Internacional no es reformar el capitalismo sino derrumbarlo. Su fin politico es la conquista del poder por parte del proletariado a fin de expropiar a la burguesia. La consigna que mas me convence, con respecto a otras conferencias o congresos a los que tuve ocasion de participar es la de unir a los revolucionarios: no simplemente atraves de palabras vacias sino con un m\u00e9todo y con una base de principios clara para todos, sin embargo sin pedir la prueba del ADN de los integrantes y garantizando la libre expresion de las minorias. Con una expresion: \u201c por fin, feliz de haberte encontrado, centralismo democr\u00e1tico\u201d.<\/span><\/p>\n<p style=\"text-align: justify;\"><span style=\"font-family: arial, helvetica, sans-serif; font-size: small;\">Tambi\u00e9n el dia siguiente con la discusion sobre la naturaleza del imperialismo ruso-chino y el tema de la destruccion del medio-ambiente, fue fuente de aprendizaje e intercambio de conocimientos. Parte de esa debacle-asi el documento sobre destrucci\u00f3n ambiental- es el cambio clim\u00e1tico y el avance de la destrucci\u00f3n ambiental. Informes cient\u00edficos indican que hacia el a\u00f1o 2050 el planeta podr\u00eda ser inhabitable sino se frena las emisiones de CO2. Este es el abismo a donde nos llevan el capitalismo, mientras una minor\u00eda de multimillonarios y sus multinacionales siguen multiplicando sus gigantescas ganancias. S\u00f3lo el derrocamiento del sistema capitalista-imperialista, la expropiaci\u00f3n de la burgues\u00eda y gobiernos socialistas de los trabajadores pueden planificar racionalmente la econom\u00eda mundial para cuidar a la naturaleza y al ser humano como parte de ella. [..]Nos consideramos parte de este movimiento y apoyamos las demandas justas y hacemos todo lo posible por lograr la m\u00e1s amplia unidad de acci\u00f3n por las mismas, sin ning\u00fan tipo de sectarismo. Somos el sector socialista revolucionario de este movimiento amplio en defensa de la vida en el planeta.<\/span><\/p>\n<p style=\"text-align: justify;\"><span style=\"font-family: arial, helvetica, sans-serif; font-size: small;\">La UIT-CI apoya e impulsa todas las luchas populares y de la juventud, en defensa de los recursos naturales y que enfrenten el saqueo y la depredaci\u00f3n de la naturaleza. La UIT-CI no se detiene al sencillo ambientalismo progresista, sino entiende la defensa de la naturaleza como parte integrante de la lucha hacia un nuevo sistema social que pueda cuidar de una manera definitiva al planeta: el socialismo. Una elecci\u00f3n, real, lejos de cualquier tipo de utopia y ensue\u00f1os, empezando de un dato cient\u00edfico consagrado por varios estudios: si no se detiene el calentamiento progresivo del planeta, entre 2050 y 2100 la Tierra no podr\u00e1 hospedar formas de vida humana, sencillamente porque el capitalismo si sigue amenazando las especies animales y vegetales con su arrogante explotaci\u00f3n determinara un alza de la temperatura de m\u00e1s de 7 grados cent\u00edgrados, incompatible con la condiciones de vida del ser humano.<\/span><\/p>\n<p style=\"text-align: justify;\"><span style=\"font-family: arial, helvetica, sans-serif; font-size: small;\">En fin, un Congreso que tenemos que valorar, claro, distante de resoluciones sectarias, eso se percibe entre otras cosas por la gesti\u00f3n del debate y el temario abordado. Un Congreso abierto al futuro de los movimientos trotskistas sin olvidar lo que fue el marxismo revolucionario, exento de formas torpes de optimismo a ostentar sino partidario de opiniones que abren a una perspectiva futura. El momento congresal fue sin duda una experiencia bell\u00edsima, casi rara podr\u00eda decir, sin miedo de exagerar. Una organizaci\u00f3n trotskista internacional debe saber debatir, votar a nivel internacional, de otra manera es sencillamente una secta que como fin tiene su autoconservaci\u00f3n basada en el centralismo burocr\u00e1tico.<\/span><\/p>\n<p style=\"text-align: justify;\"><span style=\"font-family: arial, helvetica, sans-serif; font-size: small;\">La UIT tiene las herramientas para esa tarea y la tradici\u00f3n historica para hacerlo. Reconstruir la IV Internacional, uniendo los marxistas revolucionarios, es una tarea necesaria que se puede y se debe reivindicar. Sin Internacional no existe el marxismo revolucionario y la lucha en contra del capitalismo sin el Partido Internacional de los trabajadores ser\u00e1 destinada a otras derrotas. El sendero emprendido por la UIT-CI es dif\u00edcil de practicar pero es el rumbo es correcto. Decisiones tomadas discutiendo en los congresos, no como otras organizaciones trotskistas m\u00e1s concentradas a dar alimento al ego hipertr\u00f3fico de sus l\u00edderes. Hablemos, entonces, de socialismo y luchemos por ello, porque la alternativa es la barbarie y la cat\u00e1strofe ambiental. A las compa\u00f1eras y a los compa\u00f1eros de la UIT-CI, agradeci\u00edndoles por la posibilidad que me han dado de participar, les digo sigamos asi!<\/span><\/p>\n<p style=\"text-align: justify;\"><span style=\"font-family: arial, helvetica, sans-serif; font-size: small;\">HASTA EL SOCIALISMO SIEMPRE!!!<\/span><\/p>\n<p style=\"text-align: justify;\"><a href=\"index.php\/news-a-documents\/2844-from-portugal-and-italy-about-the-vii-iwu-fi-international-congress\"><span style=\"font-family: arial, helvetica, sans-serif; font-size: small;\">(read in english)<\/span><\/a><\/p>\n","protected":false},"excerpt":{"rendered":"<p>Gil Garcia, del MAS de Portugal \u201cNos alegr\u00f3 mucho el ambiente fraternal y de buen nivel de discusi\u00f3n pol\u00edtica\u201d Compa\u00f1eros de la UIT-CI, desde el Movimiento de Alternativa Socialista (MAS) de Portugal nos congratulamos por el congreso exitoso al que hemos sido invitados a participar.<\/p>\n","protected":false},"author":1,"featured_media":4346,"comment_status":"open","ping_status":"open","sticky":false,"template":"","format":"standard","meta":[],"categories":[21],"tags":[],"_links":{"self":[{"href":"https:\/\/uit-ci.org\/index.php\/wp-json\/wp\/v2\/posts\/4347"}],"collection":[{"href":"https:\/\/uit-ci.org\/index.php\/wp-json\/wp\/v2\/posts"}],"about":[{"href":"https:\/\/uit-ci.org\/index.php\/wp-json\/wp\/v2\/types\/post"}],"author":[{"embeddable":true,"href":"https:\/\/uit-ci.org\/index.php\/wp-json\/wp\/v2\/users\/1"}],"replies":[{"embeddable":true,"href":"https:\/\/uit-ci.org\/index.php\/wp-json\/wp\/v2\/comments?post=4347"}],"version-history":[{"count":0,"href":"https:\/\/uit-ci.org\/index.php\/wp-json\/wp\/v2\/posts\/4347\/revisions"}],"wp:featuredmedia":[{"embeddable":true,"href":"https:\/\/uit-ci.org\/index.php\/wp-json\/wp\/v2\/media\/4346"}],"wp:attachment":[{"href":"https:\/\/uit-ci.org\/index.php\/wp-json\/wp\/v2\/media?parent=4347"}],"wp:term":[{"taxonomy":"category","embeddable":true,"href":"https:\/\/uit-ci.org\/index.php\/wp-json\/wp\/v2\/categories?post=4347"},{"taxonomy":"post_tag","embeddable":true,"href":"https:\/\/uit-ci.org\/index.php\/wp-json\/wp\/v2\/tags?post=4347"}],"curies":[{"name":"wp","href":"https:\/\/api.w.org\/{rel}","templated":true}]}}