{"id":4400,"date":"2021-01-30T14:23:20","date_gmt":"2021-01-30T14:23:20","guid":{"rendered":"http:\/\/uit-ci.org\/index.php\/2021\/01\/30\/las-patentes-estan-destruyendo-la-campana-de-vacunacion-mundial\/"},"modified":"2021-01-30T14:23:20","modified_gmt":"2021-01-30T14:23:20","slug":"las-patentes-estan-destruyendo-la-campana-de-vacunacion-mundial","status":"publish","type":"post","link":"https:\/\/uit-ci.org\/index.php\/2021\/01\/30\/las-patentes-estan-destruyendo-la-campana-de-vacunacion-mundial\/","title":{"rendered":"Las patentes est\u00e1n destruyendo la campa\u00f1a de vacunaci\u00f3n mundial"},"content":{"rendered":"<p style=\"text-align: justify;\"><strong><span style=\"font-family: arial, helvetica, sans-serif; font-size: small;\"><img loading=\"lazy\" class=\" alignleft size-full wp-image-4399\" src=\"http:\/\/uit-ci.org\/wp-content\/uploads\/2021\/01\/Vacuna-Coronavirus-Pfizer.jpg\" width=\"185\" height=\"84\" alt=\"Vacuna-Coronavirus-Pfizer\" style=\"margin: 5px; float: left;\" srcset=\"https:\/\/uit-ci.org\/wp-content\/uploads\/2021\/01\/Vacuna-Coronavirus-Pfizer.jpg 1500w, https:\/\/uit-ci.org\/wp-content\/uploads\/2021\/01\/Vacuna-Coronavirus-Pfizer-300x136.jpg 300w, https:\/\/uit-ci.org\/wp-content\/uploads\/2021\/01\/Vacuna-Coronavirus-Pfizer-1024x465.jpg 1024w, https:\/\/uit-ci.org\/wp-content\/uploads\/2021\/01\/Vacuna-Coronavirus-Pfizer-768x349.jpg 768w, https:\/\/uit-ci.org\/wp-content\/uploads\/2021\/01\/Vacuna-Coronavirus-Pfizer-600x272.jpg 600w, https:\/\/uit-ci.org\/wp-content\/uploads\/2021\/01\/Vacuna-Coronavirus-Pfizer-750x341.jpg 750w, https:\/\/uit-ci.org\/wp-content\/uploads\/2021\/01\/Vacuna-Coronavirus-Pfizer-1140x518.jpg 1140w\" sizes=\"(max-width: 185px) 100vw, 185px\" \/><br style=\"clear: both;\" \/>Prensa UIT-CI 30.01.2021<\/span><\/strong><\/p>\n<p style=\"text-align: justify;\"><span style=\"font-family: arial, helvetica, sans-serif; font-size: small;\">Mientras la pademia del Covid 19 no se detiene en el mundo estalla la crisis de los planes de vacunaci\u00f3n.<\/span><\/p>\n<p>  <!--more-->  <\/p>\n<p style=\"text-align: justify;\"><span style=\"font-family: arial, helvetica, sans-serif; font-size: small;\">Surge claramente el rol nefasto de las multinacionales de la industria farmac\u00e9utica mundial. Vuelve a ponerse en evidencia el rol criminal del sistema capitalista-imperialista. Los propios gobiernos imperialistas como Alemania, Francia o Italia denuncian los incumplimientos de entrega de vacuna de las multinacionales como Pfizer, Moderna o AstraZeneca. Los propios gobiernos capitalistas avalan el secretismo de los contratos. Se desconoce cu\u00e1nto pagar\u00e1 por las vacunas y c\u00f3mo se fijan los precios. Las multinacionales, con la gigante Pfizer a la cabeza, introducen cl\u00e1usulas que las eximen de responsabilidades por efectos adversos, las blindan contra los sistemas judiciales nacionales. Mientras millones de personas se siguen contagiando y muriendo por el Covid 19, las vacunas se han convertido en un gran negocio para las multinacionales farmac\u00e9uticas.<\/span><\/p>\n<p style=\"text-align: justify;\"><span style=\"font-family: arial, helvetica, sans-serif; font-size: small;\">Desde la UITCI nos sumamos a todos aquellos que luchan y reclaman por la abolici\u00f3n de las patentes farmac\u00e9uticas, por vacunas gratuitas para todos y un plan de producci\u00f3n de emergencia mundial de vacunas, con libertad de producci\u00f3n en cada pa\u00eds.<\/span><\/p>\n<p style=\"text-align: justify;\"><span style=\"font-family: arial, helvetica, sans-serif; font-size: small;\">Para profundizar en porque existe esta crisis de vacunaci\u00f3n, reproducimos partes destacadas de una nota (El Socialista N\u00b0 490. 26\/1\/2021) del doctor Reynaldo Saccone, ex presidente de la Cicop (organizaci\u00f3n sindical d ellos profesionales de la salud de la Provincia de Buenos Aires, Argentina) y dirigente de Izquierda Socialista, secci\u00f3n de la UIT-CI de Argentina.<\/span><\/p>\n<p style=\"text-align: justify;\"><span style=\"font-family: arial, helvetica, sans-serif; font-size: small;\">\u201cEl retraso en la producci\u00f3n de vacunas es un problema mundial del que participan todas las multinacionales farmac\u00e9uticas. Hasta el presente solo se han vacunado 64 millones de personas en todo el mundo: 20 millones en Estados Unidos, 15 millones en China, 7 millones en el Reino Unido y en Alemania, Espa\u00f1a, Italia y Francia 1,5 millones en cada uno. En Brasil 600.000 y en la Argentina 292.000. (\u2026) El 75% de los pa\u00edses no ha comenzado la vacunaci\u00f3n masiva.<\/span><\/p>\n<p style=\"text-align: justify;\"><span style=\"font-family: arial, helvetica, sans-serif; font-size: small;\">\u00bfPor qu\u00e9 ese retraso? El doctor Germ\u00e1n Vel\u00e1squez, ex director del Programa de Acceso a Medicamentos de la Organizaci\u00f3n Mundial de la Salud, se\u00f1ala que las multinacionales farmac\u00e9uticas no quieren correr riesgos y no contin\u00faan la producci\u00f3n hasta que tengan los lotes vendidos: \u201cSi no me las compras, no sigo\u201d. Esta situaci\u00f3n lleva a que sean los pa\u00edses imperialistas que cuentan con mayores recursos quienes se han quedado con la enorme mayor\u00eda de las vacunas. Seg\u00fan Amnesty International, estos pa\u00edses que cuentan con el 13% de la poblaci\u00f3n mundial retienen el 52% de las vacunas existentes.<\/span><\/p>\n<p style=\"text-align: justify;\"><span style=\"font-family: arial, helvetica, sans-serif; font-size: small;\">Por otra parte, la existencia de las patentes impide a cualquier pa\u00eds o empresa producirlas. Vel\u00e1squez remarca que la industria ha desarrollado las vacunas gracias a cuantiosos subsidios estatales pero, patentes mediante, las multinacionales se han adue\u00f1ado de lo que en su origen es patrimonio de la humanidad. \u201cLas patentes est\u00e1n destruyendo la campa\u00f1a de vacunaci\u00f3n y hay que cambiar el sistema de patentes\u201d, concluye. No satisfechos con utilizar los subsidios estatales para la producci\u00f3n, los monopolios exigen adem\u00e1s a los gobiernos la inmunidad judicial frente a los reclamos que pudieran plantearse por efectos colaterales. Para ello obtienen leyes que los favorecen, como es el caso de nuestro pa\u00eds (Argentina), donde los diputados peronistas y los de Juntos por el Cambio sancionaron una ley con la sola oposici\u00f3n del FIT Unidad.<\/span><\/p>\n<p style=\"text-align: justify;\"><span style=\"font-family: arial, helvetica, sans-serif; font-size: small;\">Hemos mencionado la iniciativa de noventa y nueve pa\u00edses encabezados por India y Sud\u00e1frica que proponen la suspensi\u00f3n de las patentes mientras dure la pandemia. Esta semana se pronunci\u00f3 la rectora de la Universidad Federal de San Pablo, Brasil, en el mismo sentido, uni\u00e9ndose a un n\u00famero creciente de instituciones como Oxfam, Amnesty International y M\u00e9dicos sin Fronteras. El gobierno argentino que es firmante de esta declaraci\u00f3n debe impulsar y, si es necesario, desconocer unilateralmente las patentes de vacunas y medicamentos encarando la producci\u00f3n local para enfrentar la pandemia.\u201d (\u2026)<\/span><\/p>\n<p style=\"text-align: justify;\"><span style=\"font-family: arial, helvetica, sans-serif; font-size: small;\">\u201cDesde Izquierda Socialista (\u2026) reclamamos la abolici\u00f3n de las patentes farmac\u00e9uticas que, junto con el no pago de la deuda externa y un verdadero impuesto a las grandes fortunas, como lo plantea el Frente de Izquierda Unidad, deben servir para sostener el esfuerzo de todo el pueblo trabajador para terminar con la pandemia\u201d<\/span><\/p>\n<p style=\"text-align: justify;\"><a href=\"index.php\/news-a-documents\/2872-patents-are-destroying-the-global-vaccination-campaign\"><span style=\"font-family: arial, helvetica, sans-serif; font-size: small;\">(read in english)<\/span><\/a><\/p>\n<p style=\"text-align: justify;\"><a href=\"index.php\/2018-03-15-13-39-31\/nouvelles-et-documents\/2874-2021-02-02-02-55-37\"><span style=\"font-family: arial, helvetica, sans-serif; font-size: small;\"><span style=\"font-family: arial, helvetica, sans-serif; font-size: small;\">(lire en fran\u00e7ais)<\/span><\/span><\/a><\/p>\n","protected":false},"excerpt":{"rendered":"<p>Prensa UIT-CI 30.01.2021 Mientras la pademia del Covid 19 no se detiene en el mundo estalla la crisis de los planes de vacunaci\u00f3n.<\/p>\n","protected":false},"author":1,"featured_media":4399,"comment_status":"open","ping_status":"open","sticky":false,"template":"","format":"standard","meta":[],"categories":[35],"tags":[],"_links":{"self":[{"href":"https:\/\/uit-ci.org\/index.php\/wp-json\/wp\/v2\/posts\/4400"}],"collection":[{"href":"https:\/\/uit-ci.org\/index.php\/wp-json\/wp\/v2\/posts"}],"about":[{"href":"https:\/\/uit-ci.org\/index.php\/wp-json\/wp\/v2\/types\/post"}],"author":[{"embeddable":true,"href":"https:\/\/uit-ci.org\/index.php\/wp-json\/wp\/v2\/users\/1"}],"replies":[{"embeddable":true,"href":"https:\/\/uit-ci.org\/index.php\/wp-json\/wp\/v2\/comments?post=4400"}],"version-history":[{"count":0,"href":"https:\/\/uit-ci.org\/index.php\/wp-json\/wp\/v2\/posts\/4400\/revisions"}],"wp:featuredmedia":[{"embeddable":true,"href":"https:\/\/uit-ci.org\/index.php\/wp-json\/wp\/v2\/media\/4399"}],"wp:attachment":[{"href":"https:\/\/uit-ci.org\/index.php\/wp-json\/wp\/v2\/media?parent=4400"}],"wp:term":[{"taxonomy":"category","embeddable":true,"href":"https:\/\/uit-ci.org\/index.php\/wp-json\/wp\/v2\/categories?post=4400"},{"taxonomy":"post_tag","embeddable":true,"href":"https:\/\/uit-ci.org\/index.php\/wp-json\/wp\/v2\/tags?post=4400"}],"curies":[{"name":"wp","href":"https:\/\/api.w.org\/{rel}","templated":true}]}}