{"id":4428,"date":"2021-02-13T15:17:20","date_gmt":"2021-02-13T15:17:20","guid":{"rendered":"http:\/\/uit-ci.org\/index.php\/2021\/02\/13\/venezuela-orlando-chirino-y-jose-bodas-se-solidarizan-con-la-lucha-de-los-trabajadores-de-guayana\/"},"modified":"2021-02-13T15:17:20","modified_gmt":"2021-02-13T15:17:20","slug":"venezuela-orlando-chirino-y-jose-bodas-se-solidarizan-con-la-lucha-de-los-trabajadores-de-guayana","status":"publish","type":"post","link":"https:\/\/uit-ci.org\/index.php\/2021\/02\/13\/venezuela-orlando-chirino-y-jose-bodas-se-solidarizan-con-la-lucha-de-los-trabajadores-de-guayana\/","title":{"rendered":"Venezuela: Orlando Chirino y Jos\u00e9 Bodas se solidarizan con la lucha de los trabajadores de Guayana"},"content":{"rendered":"<p style=\"text-align: justify;\"><strong><span style=\"font-family: arial, helvetica, sans-serif; font-size: small;\"><img loading=\"lazy\" class=\" alignleft size-full wp-image-4427\" src=\"http:\/\/uit-ci.org\/wp-content\/uploads\/2021\/02\/Protesta-Guayana.jpeg\" width=\"195\" height=\"110\" alt=\"Protesta-Guayana\" style=\"margin: 5px; float: left;\" srcset=\"https:\/\/uit-ci.org\/wp-content\/uploads\/2021\/02\/Protesta-Guayana.jpeg 678w, https:\/\/uit-ci.org\/wp-content\/uploads\/2021\/02\/Protesta-Guayana-300x169.jpeg 300w, https:\/\/uit-ci.org\/wp-content\/uploads\/2021\/02\/Protesta-Guayana-600x337.jpeg 600w\" sizes=\"(max-width: 195px) 100vw, 195px\" \/><br style=\"clear: both;\" \/>Por Laclase.info<\/span><\/strong><\/p>\n<p style=\"text-align: justify;\"><span style=\"font-family: arial, helvetica, sans-serif; font-size: small;\">Hemos recibido una comunicaci\u00f3n de la Corriente Clasista, Unitaria, Revolucionaria y Aut\u00f3noma, suscrita por sus coordinadores Orlando Chirino y Jos\u00e9 Bodas, tambi\u00e9n secretario general de la Futpv. En la misma, los dos directivos sindicales manifiestan su solidaridad con la lucha que los trabajadores de Guayana vienen desarrollando en los \u00faltimos d\u00edas.<\/span><\/p>\n<p>  <!--more-->  <\/p>\n<p style=\"text-align: justify;\"><span style=\"font-family: arial, helvetica, sans-serif; font-size: small;\">Esa lucha tendr\u00e1 una nueva expresi\u00f3n con la convocatoria que est\u00e1n haciendo los representantes de las empresas b\u00e1sicas a concentrarse ma\u00f1ana jueves a las 8 a.m. en la redoma, frente a Makro para marchar hasta la CVG.<\/span><\/p>\n<p style=\"text-align: justify;\"><span style=\"font-family: arial, helvetica, sans-serif; font-size: small;\">A continuaci\u00f3n presentamos la comunicaci\u00f3n completa.<\/span><\/p>\n<p style=\"text-align: justify;\"><span style=\"font-family: arial, helvetica, sans-serif; font-size: small;\">Desde la Corriente Clasista, Unitaria, Revolucionaria y Aut\u00f3noma (C-cura) saludamos las importantes y crecientes movilizaciones que de manera unitaria los trabajadores y trabajadoras de las empresas b\u00e1sicas de Guayana, est\u00e1n desarrollando en la defensa del salario, por el rescate de los contratos colectivos, el HCM y contra del nefasto memor\u00e1ndum 2792.<\/span><\/p>\n<p style=\"text-align: justify;\"><span style=\"font-family: arial, helvetica, sans-serif; font-size: small;\">Desde el 30 de enero hemos seguido con mucha atenci\u00f3n el desarrollo del movimiento. Nos complace que el mismo se haya gestado desde las bases, logr\u00e1ndose una gran unidad que, sin duda, genera confianza en la recuperaci\u00f3n de las luchas de los trabajadores.<\/span><\/p>\n<p style=\"text-align: justify;\"><span style=\"font-family: arial, helvetica, sans-serif; font-size: small;\">A ustedes queremos decirles que el conjunto de los trabajadores y trabajadoras del pa\u00eds estamos muy pendientes de c\u00f3mo se desarrolle su movimiento y de las victorias que puedan lograr, porque del fortalecimiento del movimiento obrero de Guayana y los logros de su lucha, se nutrir\u00e1n el resto de los trabajadores del pa\u00eds. Lo que ustedes hoy impulsan all\u00e1 puede convertirse en una chispa que acelere el ascenso del movimiento obrero venezolano, y lo ponga a la cabeza de una gran ola de rebeld\u00eda de todo el pueblo contra el brutal paquetazo de ajuste del gobierno de falso socialismo de Maduro. Y es porque todos los trabajadores y trabajadoras debemos vernos, como ustedes se han visto: como una sola clase, y unidos debemos dar las luchas.<\/span><\/p>\n<p style=\"text-align: justify;\"><span style=\"font-family: arial, helvetica, sans-serif; font-size: small;\">Creemos que hay que seguir transitando el camino de la movilizaci\u00f3n, independiente de los partidos patronales, de la burocracia sindical y del gobierno, porque son los responsables del salario de hambre que padecemos, del pisoteo de nuestros contratos, de la destrucci\u00f3n de los sindicatos y la atomizaci\u00f3n de nuestras luchas, de la muerte de centenares de compa\u00f1eros de las empresas b\u00e1sicas y de sus familiares por la desaparici\u00f3n del HCM.<\/span><\/p>\n<p style=\"text-align: justify;\"><span style=\"font-family: arial, helvetica, sans-serif; font-size: small;\">Son los responsables de la destrucci\u00f3n de nuestros hospitales, como el Ruiz y P\u00e1ez y el Uyapar, de la destrucci\u00f3n de Guri, de la entrega de nuestros recursos con las empresas mixtas en la franja norte del rio Orinoco y al sur con el Arco Minero. El gobierno con la anuencia de la burocracia sindical roja rojita de la Central Bolivariana Socialista de Trabajadores (Cbst) nos impone su miserable paquete de ajuste econ\u00f3mico y subastan el pa\u00eds y lo entregan a los capitales nacionales y transnacionales a trav\u00e9s de la ley Antibloqueo.<\/span><\/p>\n<p style=\"text-align: justify;\"><span style=\"font-family: arial, helvetica, sans-serif; font-size: small;\">Desde nuestra corriente sindical les decimos que no desmayen, los ojos de la clase obrera venezolana est\u00e1n puestos en ustedes. Hay que seguir movilizando a todas las trabajadoras y trabajadores de Guayana, incorporar a m\u00e1s y m\u00e1s sectores. A los maestros, a los del sector salud que hoy est\u00e1n en primera l\u00ednea combatiendo el Covid 19 con salarios miserables y sin recursos, a los del sector el\u00e9ctrico y al conjunto del pueblo trabajador.<\/span><\/p>\n<p style=\"text-align: justify;\"><span style=\"font-family: arial, helvetica, sans-serif; font-size: small;\">La tarea que tenemos planteada es de una gran envergadura, por lo que se requiere el concurso de todos los sectores del pueblo, y le corresponde a la clase obrera jugar el rol protag\u00f3nico.<\/span><\/p>\n<p style=\"text-align: justify;\"><span style=\"font-family: arial, helvetica, sans-serif; font-size: small;\">Este gobierno se viene quitando cada vez de manera m\u00e1s clara su careta de falso socialismo. Desde hace a\u00f1os aplica un brutal paquetazo mediante el cual licu\u00f3 los ahorros y las prestaciones sociales mediante la reconversi\u00f3n monetaria; destruy\u00f3 el concepto general de salario y la negociaci\u00f3n colectiva, eliminando todos los bonos e incidencias contractuales que lo integraban, medidas todas comprendidas en el memorando 2792. Sometiendo al pueblo trabajador al m\u00e1s despiadado ajuste que se conozca en Am\u00e9rica Latina, lo que favoreci\u00f3 una extracci\u00f3n de plusval\u00eda por parte de los empresarios nunca antes sufrida por los trabajadores y trabajadoras en el pa\u00eds.<\/span><\/p>\n<p style=\"text-align: justify;\"><span style=\"font-family: arial, helvetica, sans-serif; font-size: small;\">En ese marco, desde C-cura decimos que es urgente movilizarnos por un Plan Obrero y Popular alternativo al paquetazo del gobierno, que parta de exigir un salario igual a la canasta b\u00e1sica que se indexe a la inflaci\u00f3n mensualmente, as\u00ed como una renta de cuarentena para los trabajadores informales. Por la derogaci\u00f3n del memorando 2792 y el factor de equilibrio 9030 de la industria petrolera; por el establecimiento de un Fondo Social de Emergencia para enfrentar el hambre, la crisis social y la pandemia, el cual se conforme a partir de la aplicaci\u00f3n de un impuesto progresivo a los grandes empresarios, transnacionales y banqueros; el no pago de la deuda externa; la suspensi\u00f3n de los gastos militares, confiscaci\u00f3n de los bienes de los corruptos y repatriaci\u00f3n del dinero confiscado a empresarios y funcionarios corruptos. Este Fondo debe servir para garantizar vacunas gratuitas para todos e impulsar un plan masivo de adquisici\u00f3n de alimentos e insumos sanitarios para equipar los hospitales en el marco de la crisis sanitaria. Contra la criminalizaci\u00f3n de la protesta y en defensa de las libertades democr\u00e1ticas. Por la libertad de los trabajadores, campesinos y dirigentes populares detenidos por protestar y defender sus derechos.<\/span><\/p>\n<p style=\"text-align: justify;\"><span style=\"font-family: arial, helvetica, sans-serif; font-size: small;\">Por la Corriente Clasista Unitaria Revolucionaria y Aut\u00f3noma<\/span><\/p>\n<p style=\"text-align: justify;\"><span style=\"font-family: arial, helvetica, sans-serif; font-size: small;\">Orlando Chirino<\/span><\/p>\n<p style=\"text-align: justify;\"><span style=\"font-family: arial, helvetica, sans-serif; font-size: small;\">Jos\u00e9 Bodas, secretario general de la Futpv<\/span><\/p>\n<p style=\"text-align: justify;\"><a href=\"http:\/\/laclase.info\/content\/orlando-chirino-y-jose-bodas-se-solidarizan-con-la-lucha-de-los-trabajadores-de-guayana\/\"><span style=\"font-family: arial, helvetica, sans-serif; font-size: small;\">Ver el video aqu\u00ed<\/span><\/a><\/p>\n","protected":false},"excerpt":{"rendered":"<p>Por Laclase.info Hemos recibido una comunicaci\u00f3n de la Corriente Clasista, Unitaria, Revolucionaria y Aut\u00f3noma, suscrita por sus coordinadores Orlando Chirino y Jos\u00e9 Bodas, tambi\u00e9n secretario general de la Futpv. En la misma, los dos directivos sindicales manifiestan su solidaridad con la lucha que los trabajadores de Guayana vienen desarrollando en los \u00faltimos d\u00edas.<\/p>\n","protected":false},"author":1,"featured_media":4427,"comment_status":"open","ping_status":"open","sticky":false,"template":"","format":"standard","meta":[],"categories":[35],"tags":[],"_links":{"self":[{"href":"https:\/\/uit-ci.org\/index.php\/wp-json\/wp\/v2\/posts\/4428"}],"collection":[{"href":"https:\/\/uit-ci.org\/index.php\/wp-json\/wp\/v2\/posts"}],"about":[{"href":"https:\/\/uit-ci.org\/index.php\/wp-json\/wp\/v2\/types\/post"}],"author":[{"embeddable":true,"href":"https:\/\/uit-ci.org\/index.php\/wp-json\/wp\/v2\/users\/1"}],"replies":[{"embeddable":true,"href":"https:\/\/uit-ci.org\/index.php\/wp-json\/wp\/v2\/comments?post=4428"}],"version-history":[{"count":0,"href":"https:\/\/uit-ci.org\/index.php\/wp-json\/wp\/v2\/posts\/4428\/revisions"}],"wp:featuredmedia":[{"embeddable":true,"href":"https:\/\/uit-ci.org\/index.php\/wp-json\/wp\/v2\/media\/4427"}],"wp:attachment":[{"href":"https:\/\/uit-ci.org\/index.php\/wp-json\/wp\/v2\/media?parent=4428"}],"wp:term":[{"taxonomy":"category","embeddable":true,"href":"https:\/\/uit-ci.org\/index.php\/wp-json\/wp\/v2\/categories?post=4428"},{"taxonomy":"post_tag","embeddable":true,"href":"https:\/\/uit-ci.org\/index.php\/wp-json\/wp\/v2\/tags?post=4428"}],"curies":[{"name":"wp","href":"https:\/\/api.w.org\/{rel}","templated":true}]}}