{"id":4439,"date":"2021-02-20T11:43:21","date_gmt":"2021-02-20T11:43:21","guid":{"rendered":"http:\/\/uit-ci.org\/index.php\/2021\/02\/20\/argentina-repudio-total-al-vacunatorio-vip\/"},"modified":"2021-02-20T11:43:21","modified_gmt":"2021-02-20T11:43:21","slug":"argentina-repudio-total-al-vacunatorio-vip","status":"publish","type":"post","link":"https:\/\/uit-ci.org\/index.php\/2021\/02\/20\/argentina-repudio-total-al-vacunatorio-vip\/","title":{"rendered":"Argentina: Repudio total al vacunatorio VIP"},"content":{"rendered":"<p style=\"text-align: justify;\"><span style=\"font-family: arial, helvetica, sans-serif; font-size: small;\"><img loading=\"lazy\" class=\" alignleft size-full wp-image-4438\" src=\"http:\/\/uit-ci.org\/wp-content\/uploads\/2021\/02\/aa4e91eea4d7486448da2511e3b63ac7_XL.jpg\" width=\"191\" height=\"143\" alt=\"aa4e91eea4d7486448da2511e3b63ac7 XL\" style=\"margin: 5px; float: left;\" srcset=\"https:\/\/uit-ci.org\/wp-content\/uploads\/2021\/02\/aa4e91eea4d7486448da2511e3b63ac7_XL.jpg 1280w, https:\/\/uit-ci.org\/wp-content\/uploads\/2021\/02\/aa4e91eea4d7486448da2511e3b63ac7_XL-300x225.jpg 300w, https:\/\/uit-ci.org\/wp-content\/uploads\/2021\/02\/aa4e91eea4d7486448da2511e3b63ac7_XL-1024x767.jpg 1024w, https:\/\/uit-ci.org\/wp-content\/uploads\/2021\/02\/aa4e91eea4d7486448da2511e3b63ac7_XL-768x575.jpg 768w, https:\/\/uit-ci.org\/wp-content\/uploads\/2021\/02\/aa4e91eea4d7486448da2511e3b63ac7_XL-600x450.jpg 600w, https:\/\/uit-ci.org\/wp-content\/uploads\/2021\/02\/aa4e91eea4d7486448da2511e3b63ac7_XL-750x562.jpg 750w, https:\/\/uit-ci.org\/wp-content\/uploads\/2021\/02\/aa4e91eea4d7486448da2511e3b63ac7_XL-1140x854.jpg 1140w\" sizes=\"(max-width: 191px) 100vw, 191px\" \/><br style=\"clear: both;\" \/>\u201cEs una verg\u00fcenza nacional mientras faltan vacunas para m\u00e9dicos, enfermeras, docentes y mayores en riesgo\u201d, se\u00f1al\u00f3 Juan Carlos Giordano, diputado nacional de Izquierda Socialista en el Frente de Izquierda Unidad.<\/span><\/p>\n<p>  <!--more-->  <\/p>\n<p style=\"text-align: justify;\"><span style=\"font-family: arial, helvetica, sans-serif; font-size: small;\">Al menos diez funcionarios y amigos del gobierno fueron vacunados en un operativo secreto del Ministerio de Salud, entre ellos el periodista peronista-kirchnerista Horacio Verbitsky (quien se vacun\u00f3 por una \u201cgesti\u00f3n con el ministro\u201d), Sol\u00e1, el diputado ligado al Papa Francisco Eduardo Vald\u00e9z y Taiana, entre otros. Ya antes se hab\u00edan vacunado intendentes o concejales j\u00f3venes de varias provincias.<\/span><\/p>\n<p style=\"text-align: justify;\"><span style=\"font-family: arial, helvetica, sans-serif; font-size: small;\">Giordano se\u00f1al\u00f3: \u201cEsto es una verg\u00fcenza del denominado \u201cgobierno nacional y popular\u201d. Mientras las vacunas llegan en cuentagotas y no se ha vacunado aun a todo el personal de salud, empezaron las clases sin que ning\u00fan docente se haya vacunado en CABA y otros distritos o haya pedidos desesperados de mayores en riesgo para vacunarse sin que se los registre, salta este verdadero esc\u00e1ndalo. Esto demuestra el desprecio ante la verdadera poblaci\u00f3n que est\u00e1 en la primera fila de un gobierno que sigue con su doble discurso de que beneficia a los m\u00e1s vulnerables. Repudiamos este hecho vergonzoso y decimos que el ministro Gin\u00e9s se tiene que ir\u201d.<\/span><\/p>\n<p style=\"text-align: justify;\"><span style=\"font-family: arial, helvetica, sans-serif; font-size: small;\">Giordano finaliz\u00f3: \u201cEl presidente le ha pedido la renuncia al ministro Gin\u00e9z. Pero Alberto Fern\u00e1ndez junto al ministerio vienen haciendo falsas promesas sobre la llegada de miles de vacunas que no aparecen. Argentina sigue produciendo esa vacuna en Gar\u00edn para el negocio capitalista de AstraZeneca con el grupo Insud-Pharma del millonario Sigman y el magnate Slim de M\u00e9xico. Ante ello le reclamamos al gobierno que le exija al Grupo Insud que ceda la f\u00f3rmula para lograr una producci\u00f3n nacional de emergencia de la vacuna poniendo todos los recursos humanos y tecnol\u00f3gicos para lograr vacunar a todas y todos, bajo apercibimiento de intervenir a ese laboratorio para lograrlo si no lo hace. Y que el gobierno compre ya todas las vacunas disponibles para vacunar a quienes lo necesitan, no a los funcionarios y pol\u00edticos ligados al gobierno, con la plata que se va para la deuda externa\u201d.<\/span><\/p>\n<p style=\"text-align: justify;\"><span style=\"font-family: arial, helvetica, sans-serif; font-size: small;\">19\/02\/2021<\/span><\/p>\n","protected":false},"excerpt":{"rendered":"<p>\u201cEs una verg\u00fcenza nacional mientras faltan vacunas para m\u00e9dicos, enfermeras, docentes y mayores en riesgo\u201d, se\u00f1al\u00f3 Juan Carlos Giordano, diputado nacional de Izquierda Socialista en el Frente de Izquierda Unidad.<\/p>\n","protected":false},"author":1,"featured_media":4438,"comment_status":"open","ping_status":"open","sticky":false,"template":"","format":"standard","meta":[],"categories":[35],"tags":[],"_links":{"self":[{"href":"https:\/\/uit-ci.org\/index.php\/wp-json\/wp\/v2\/posts\/4439"}],"collection":[{"href":"https:\/\/uit-ci.org\/index.php\/wp-json\/wp\/v2\/posts"}],"about":[{"href":"https:\/\/uit-ci.org\/index.php\/wp-json\/wp\/v2\/types\/post"}],"author":[{"embeddable":true,"href":"https:\/\/uit-ci.org\/index.php\/wp-json\/wp\/v2\/users\/1"}],"replies":[{"embeddable":true,"href":"https:\/\/uit-ci.org\/index.php\/wp-json\/wp\/v2\/comments?post=4439"}],"version-history":[{"count":0,"href":"https:\/\/uit-ci.org\/index.php\/wp-json\/wp\/v2\/posts\/4439\/revisions"}],"wp:featuredmedia":[{"embeddable":true,"href":"https:\/\/uit-ci.org\/index.php\/wp-json\/wp\/v2\/media\/4438"}],"wp:attachment":[{"href":"https:\/\/uit-ci.org\/index.php\/wp-json\/wp\/v2\/media?parent=4439"}],"wp:term":[{"taxonomy":"category","embeddable":true,"href":"https:\/\/uit-ci.org\/index.php\/wp-json\/wp\/v2\/categories?post=4439"},{"taxonomy":"post_tag","embeddable":true,"href":"https:\/\/uit-ci.org\/index.php\/wp-json\/wp\/v2\/tags?post=4439"}],"curies":[{"name":"wp","href":"https:\/\/api.w.org\/{rel}","templated":true}]}}