{"id":4553,"date":"2021-03-25T15:44:40","date_gmt":"2021-03-25T15:44:40","guid":{"rendered":"http:\/\/uit-ci.org\/?p=4553"},"modified":"2021-03-26T15:10:59","modified_gmt":"2021-03-26T15:10:59","slug":"estado-espanol-la-cup-interpela-al-gobierno-por-la-crisis-de-las-vacunas","status":"publish","type":"post","link":"https:\/\/uit-ci.org\/index.php\/2021\/03\/25\/estado-espanol-la-cup-interpela-al-gobierno-por-la-crisis-de-las-vacunas\/","title":{"rendered":"Estado espa\u00f1ol: La CUP interpela al gobierno por la crisis de las vacunas"},"content":{"rendered":"<p>El gobierno del PSOE-Podemos, c\u00f3mplices de miles de victimas por covid19 al servicio de las ganancias de las farmac\u00e9uticas.<\/p>\n<p>Que el Congreso rinda cuentas ante las preguntas de la CUP-PR<!--more--><\/p>\n<p>Preguntas del grupo parlamentario CUP-PR a la mesa del Congreso de Diputados<\/p>\n<p>\u00bfPor qu\u00e9 el Estado espa\u00f1ol se ha opuesto a suspender las patentes de las vacunas de Covid19 en todas las ocasiones en que se ha puesto en debate en la Organizaci\u00f3n Mundial del Comercio?<\/p>\n<p>\u00bfEl Gobierno espa\u00f1ol considera a la vacuna como un bien p\u00fablico? \u00bfSi la considera un bien p\u00fablico, por qu\u00e9 se niega a suspender las patentes?<\/p>\n<p>Si se desarrolla un vacuna en el Estado espa\u00f1ol, a partir de las investigaciones que se llevan a cabo en el CSIC, \u00bfEl Ministerio de Ciencia e innovaci\u00f3n promover\u00e1 que se compartan los datos de las investigaciones para que otros pa\u00edses que puedan desarrollarla?<\/p>\n<p>M\u00e1s all\u00e1 de compartir los excedentes de vacunas con otros pa\u00edses, \u00bfEl Gobierno espa\u00f1ol va a contribuir en alguna medida para resolver los problemas de acceso actual que ahondan las desigualdades entre pa\u00edses ricos y pa\u00edses empobrecidos?<\/p>\n<p>23.03.2021<\/p>\n","protected":false},"excerpt":{"rendered":"<p>El gobierno del PSOE-Podemos, c\u00f3mplices de miles de victimas por covid19 al servicio de las ganancias de las farmac\u00e9uticas. Que el Congreso rinda cuentas ante las preguntas de la CUP-PR<\/p>\n","protected":false},"author":2,"featured_media":4554,"comment_status":"closed","ping_status":"closed","sticky":false,"template":"","format":"standard","meta":[],"categories":[57,35],"tags":[114,113,93,115,88,117,89,116],"_links":{"self":[{"href":"https:\/\/uit-ci.org\/index.php\/wp-json\/wp\/v2\/posts\/4553"}],"collection":[{"href":"https:\/\/uit-ci.org\/index.php\/wp-json\/wp\/v2\/posts"}],"about":[{"href":"https:\/\/uit-ci.org\/index.php\/wp-json\/wp\/v2\/types\/post"}],"author":[{"embeddable":true,"href":"https:\/\/uit-ci.org\/index.php\/wp-json\/wp\/v2\/users\/2"}],"replies":[{"embeddable":true,"href":"https:\/\/uit-ci.org\/index.php\/wp-json\/wp\/v2\/comments?post=4553"}],"version-history":[{"count":3,"href":"https:\/\/uit-ci.org\/index.php\/wp-json\/wp\/v2\/posts\/4553\/revisions"}],"predecessor-version":[{"id":4579,"href":"https:\/\/uit-ci.org\/index.php\/wp-json\/wp\/v2\/posts\/4553\/revisions\/4579"}],"wp:featuredmedia":[{"embeddable":true,"href":"https:\/\/uit-ci.org\/index.php\/wp-json\/wp\/v2\/media\/4554"}],"wp:attachment":[{"href":"https:\/\/uit-ci.org\/index.php\/wp-json\/wp\/v2\/media?parent=4553"}],"wp:term":[{"taxonomy":"category","embeddable":true,"href":"https:\/\/uit-ci.org\/index.php\/wp-json\/wp\/v2\/categories?post=4553"},{"taxonomy":"post_tag","embeddable":true,"href":"https:\/\/uit-ci.org\/index.php\/wp-json\/wp\/v2\/tags?post=4553"}],"curies":[{"name":"wp","href":"https:\/\/api.w.org\/{rel}","templated":true}]}}