{"id":4630,"date":"2021-03-31T17:22:36","date_gmt":"2021-03-31T17:22:36","guid":{"rendered":"http:\/\/uit-ci.org\/?p=4630"},"modified":"2021-03-31T17:22:36","modified_gmt":"2021-03-31T17:22:36","slug":"chile-frente-a-la-propuesta-de-cambiar-las-elecciones-presentada-por-pinera","status":"publish","type":"post","link":"https:\/\/uit-ci.org\/index.php\/2021\/03\/31\/chile-frente-a-la-propuesta-de-cambiar-las-elecciones-presentada-por-pinera\/","title":{"rendered":"Chile: Frente a la propuesta de cambiar las elecciones presentada por Pi\u00f1era"},"content":{"rendered":"<p><strong>Declaraci\u00f3n<\/strong><\/p>\n<p>El gobierno ha presentado un proyecto de ley al Congreso, con el objetivo de cambiar la fecha de las elecciones del 10 y el 11 de abril, para el 15 y 16 de mayo. La raz\u00f3n esgrimida es la crisis sanitaria provocada por la segunda ola de la pandemia. Pi\u00f1era llama a las candidaturas para apoyar su propuesta. Desde las candidaturas de diputad@s constituyentes en la lista \u201cA darlo vuelta todo\u201d, as\u00ed como la concejal\u00eda por la comuna de Paine, presentadas por el MST, le respondemos al presidente y su gobierno.<\/p>\n<p><strong>\u00bfDebemos suspender las elecciones?<\/strong><\/p>\n<p>La actual crisis sanitaria es culpa del gobierno. Las medidas para enfrentar la pandemia han sido recomendadas hace m\u00e1s de un a\u00f1o, por instituciones m\u00e9dicas y epidemiol\u00f3gicas a nivel mundial. Que Chile cuente hoy con m\u00e1s de 6 millones de vacunados, no garantiza evitar nuevas olas de contagios, sino se combina con medidas como cuarentenas. La OMS ha sido expl\u00edcita en estas recomendaciones.<\/p>\n<p>Pi\u00f1era, en cambio, opt\u00f3 por priorizar las ganancias de los empresarios antes que la vida de las personas. Esta es la base de sus err\u00e1ticas medidas sanitarias. Prefiri\u00f3 dar permisos de vacaciones, iniciar clases presenciales, abrir malls y el comercio, incluso autorizar ceremonias religiosas. Hizo todo lo contrario a lo recomendado por expertos\u2026 durante meses.<\/p>\n<p>Los resultados est\u00e1n a la vista. La segunda ola de contagios es superior en cifras de afectados que la primera, aumentando la posibilidad de una crisis hospitalaria que cueste m\u00e1s vidas. A\u00fan en este desastroso marco, vuelve a reiterar medidas que han fracasado desde el inicio de la pandemia.<\/p>\n<p>No existe ninguna ayuda econ\u00f3mica real a millones de familias trabajadoras, para permitirles cumplir con la cuarentena sin pasar hambre. Su propuesta de emergencia es tan miserable, que desde la misma derecha la critican. Crecen los despidos y el endeudamiento familiar, mientras se consumen ahorros para poder sobrevivir. \u00bfC\u00f3mo cree Pi\u00f1era que se puede cumplir cuarentenas si no hay garant\u00edas econ\u00f3micas desde el Estado?<\/p>\n<p>La primera preocupaci\u00f3n es garantizar la salud y la vida de las personas. Hasta hoy, este negligente gobierno es incapaz de hacerlo. Por esta raz\u00f3n, consideramos elemental cambiar la fecha de las elecciones, para evitar que las aglomeraciones en las votaciones agudicen la crisis. As\u00ed mismo advertimos, si Pi\u00f1era sigue repitiendo el libreto de la ganancia empresariales por sobre la salud de la poblaci\u00f3n, continuar\u00e1 esta situaci\u00f3n.<\/p>\n<p><strong>Medidas urgentes y necesarias.<\/strong><\/p>\n<p>Exigimos, desde las candidaturas firmantes, que la discusi\u00f3n del cambio de fecha de las elecciones se aborde como un problema global. Es urgente parar los contagios. Por eso llamamos a tomar medidas inmediatas:<\/p>\n<p>Subsidio directo del Estado, igual al real costo de la vida, a todas las familias trabajadoras del pa\u00eds, y a quien lo necesite. Esta es la \u00fanica forma de garantizar cuarentenas efectivas.<\/p>\n<p>Condonaci\u00f3n de todas las deudas comerciales y bancarias de las familias y personas afectadas, para evitar el descalabro econ\u00f3mico de millones de trabajadores y trabajadoras.<\/p>\n<p>Gratuidad inmediata de todos los servicios b\u00e1sicos como luz, agua, internet y gas, estatizando las empresas, para garantizar condiciones m\u00ednimas en cada hogar del pa\u00eds.<\/p>\n<p>Canasta familiar b\u00e1sica, a precio de producci\u00f3n, de alimentos y medicamentos, para garantizar el acceso de todos y todas.<\/p>\n<p>Prohibici\u00f3n de despidos y suspensiones, reposici\u00f3n a sus puestos de trabajo de todo y toda suspendida, usar los puestos disponibles de trabajo para todo quien lo necesite, con sueldos iguales al costo real de la vida.<\/p>\n<p>Estatizar todo el sistema de salud, incluyendo la industria farmac\u00e9utica y de la ligada a la producci\u00f3n de utensilios hospitalarios, para garantizar acceso gratuito y de calidad para toda la poblaci\u00f3n, triplicando adem\u00e1s el presupuesto.<\/p>\n<p>Fin al pago de patentes de vacunas contra el covid-19. Por el derecho a que todo pa\u00eds pueda producirlas estatalmente, a bajo costo, para garantizar la vacunaci\u00f3n de toda la poblaci\u00f3n.<\/p>\n<p>S\u00f3lo tomando medidas como esta podremos asegurar que la crisis sanitaria no ponga en juego la vida de millones de personas, as\u00ed como garantizar las condiciones m\u00ednimas para poder realizar las elecciones.<\/p>\n<p>Exigimos la inmediata liberaci\u00f3n de las y los presos pol\u00edticos. Adem\u00e1s de la disoluci\u00f3n de carabineros de chile y fuera los milicos de las calles.<\/p>\n<p><strong>Exigimos, adem\u00e1s:<\/strong><\/p>\n<p>Que el gobierno y el congreso convoquen a la conformaci\u00f3n de una comisi\u00f3n entre el Colegio M\u00e9dico, asociaciones de epidemi\u00f3logos y expertos, organizaciones sociales, sindicatos y candidaturas, para resolver c\u00f3mo y en qu\u00e9 condiciones, se podr\u00e1n realizar las elecciones.<\/p>\n<p>Que el Estado garantice condiciones m\u00ednimas para continuar las campa\u00f1as en el actual contexto de cuarentenas para todas las candidaturas, c\u00f3mo: espacios gratuitos en redes sociales, radios, prensa escrita y televisi\u00f3n para cada candidat@.<\/p>\n<p><strong>Movimiento socialista de las y los trabajadores<\/strong><\/p>\n","protected":false},"excerpt":{"rendered":"<p>Declaraci\u00f3n El gobierno ha presentado un proyecto de ley al Congreso, con el objetivo de cambiar la fecha de las elecciones del 10 y el 11 de abril, para el 15 y 16 de mayo. La raz\u00f3n esgrimida es la crisis sanitaria provocada por la segunda ola de la pandemia. Pi\u00f1era llama a las candidaturas [&hellip;]<\/p>\n","protected":false},"author":2,"featured_media":4631,"comment_status":"closed","ping_status":"closed","sticky":false,"template":"","format":"standard","meta":[],"categories":[70,60],"tags":[143,140,92,133,142,144,145,141],"_links":{"self":[{"href":"https:\/\/uit-ci.org\/index.php\/wp-json\/wp\/v2\/posts\/4630"}],"collection":[{"href":"https:\/\/uit-ci.org\/index.php\/wp-json\/wp\/v2\/posts"}],"about":[{"href":"https:\/\/uit-ci.org\/index.php\/wp-json\/wp\/v2\/types\/post"}],"author":[{"embeddable":true,"href":"https:\/\/uit-ci.org\/index.php\/wp-json\/wp\/v2\/users\/2"}],"replies":[{"embeddable":true,"href":"https:\/\/uit-ci.org\/index.php\/wp-json\/wp\/v2\/comments?post=4630"}],"version-history":[{"count":1,"href":"https:\/\/uit-ci.org\/index.php\/wp-json\/wp\/v2\/posts\/4630\/revisions"}],"predecessor-version":[{"id":4636,"href":"https:\/\/uit-ci.org\/index.php\/wp-json\/wp\/v2\/posts\/4630\/revisions\/4636"}],"wp:featuredmedia":[{"embeddable":true,"href":"https:\/\/uit-ci.org\/index.php\/wp-json\/wp\/v2\/media\/4631"}],"wp:attachment":[{"href":"https:\/\/uit-ci.org\/index.php\/wp-json\/wp\/v2\/media?parent=4630"}],"wp:term":[{"taxonomy":"category","embeddable":true,"href":"https:\/\/uit-ci.org\/index.php\/wp-json\/wp\/v2\/categories?post=4630"},{"taxonomy":"post_tag","embeddable":true,"href":"https:\/\/uit-ci.org\/index.php\/wp-json\/wp\/v2\/tags?post=4630"}],"curies":[{"name":"wp","href":"https:\/\/api.w.org\/{rel}","templated":true}]}}