{"id":4951,"date":"2021-04-23T17:56:41","date_gmt":"2021-04-23T17:56:41","guid":{"rendered":"http:\/\/uit-ci.org\/?p=4951"},"modified":"2021-04-23T17:57:04","modified_gmt":"2021-04-23T17:57:04","slug":"28-de-abril-al-paro-nacional-y-el-1-de-mayo-a-las-calles-hacia-el-paro-nacional-indefinido","status":"publish","type":"post","link":"https:\/\/uit-ci.org\/index.php\/2021\/04\/23\/28-de-abril-al-paro-nacional-y-el-1-de-mayo-a-las-calles-hacia-el-paro-nacional-indefinido\/","title":{"rendered":"28 de abril al Paro Nacional y el 1\u00b0 de mayo a las calles hacia el paro nacional indefinido"},"content":{"rendered":"<p>La convocatoria al Paro Nacional para el pr\u00f3ximo 28 de abril gana cada vez m\u00e1s simpat\u00eda y esperanzas entre el pueblo colombiano. Los de abajo, los excluidos, los oprimidos tienen en esta Jornada Nacional de Protesta una gran oportunidad para unificar la inmensa cantidad de luchas que se dan dispersas en el territorio nacional.<\/p>\n<p>Luchan los maestros y la juventud estudiantil. Se movilizan los ambientalistas defendiendo las fuentes h\u00eddricas y contra la pr\u00e1ctica del fracking. Defienden sus derechos las mujeres. Las comunidades ind\u00edgenas resguardan sus territorios. Los trabajadores estatales y de la Justicia exigen negociaci\u00f3n de sus contratos colectivos de trabajo. Protestan indignadas las comunidades populares contra el atraco de los peajes. En los barrios populares y en el campo se escucha el clamor de sus habitantes denunciando los asesinatos, las masacres y los desplazamientos forzados. Mientras que millones de colombianos angustiados reclaman protecci\u00f3n frente a la p\u00e9rdida del empleo ocasionado por la pandemia y exigen subsidio de alimentaci\u00f3n y vacunas para todos y todas.<\/p>\n<p>Y en general, el pueblo se dispone este pr\u00f3ximo 28 de abril y Primero de Mayo a movilizarse contra la regresiva Reforma Tributaria que ampl\u00eda la base social de contribuyentes y aplica el IVA a los productos de la canasta alimentaria y los servicios p\u00fablicos.<\/p>\n<p>Derrotar esta tenebrosa reforma patrocinada por el gobierno, banqueros y empresarios abrir\u00e1 el camino para echar a atr\u00e1s el lesivo Decreto 1174 expedido el a\u00f1o pasado que limita los derechos de la clase trabajadora y nos colocar\u00e1 en mejores condiciones para enfrentar la tambi\u00e9n regresiva Reforma Pensional que cocina el gobierno de la mano de los buitres propietarios de los fondos privados pensionales.<\/p>\n<p>No hay tiempo que perder. Intensifiquemos las asambleas en los sitios de vivienda, trabajo o estudio para ganar la mayor audiencia y participaci\u00f3n de la poblaci\u00f3n. Generalicemos las pintas de murales, la propaganda en las redes sociales y la distribuci\u00f3n de boletines en los portales y estaciones de transporte masivo.<\/p>\n<p>Es la hora de la lucha. No nos dejemos amedrentar por la campa\u00f1a terror\u00edfica del gobierno que se ampara en el crecimiento de los contagios para impedir la protesta. Guardemos todos los protocolos de bioseguridad y salgamos decididos a luchar para impedir que el gobierno siga avanzando en la implementaci\u00f3n del brutal paquetazo econ\u00f3mico que pretende descargar sobre los hombros de los pobres el costo de la crisis que vivimos.<\/p>\n<p>Que este 28 de abril y Primero de Mayo sean la antesala para la convocatoria, preparaci\u00f3n y realizaci\u00f3n del Paro Nacional Indefinido que afecte la producci\u00f3n como lo vienen reclamando miles de luchadores y luchadoras en todo el pa\u00eds. No bastan las jornadas de un d\u00eda de paro. Exijamos al Comit\u00e9 Nacional de Paro que convoque a un Encuentro Nacional de Emergencia en el que se apruebe el Plan de Lucha que nos conduzca al Paro Nacional Indefinido, se unifiquen las negociaciones de los pliegos de petici\u00f3n que hoy llevan a cabo las centrales obreras de manera aislada, se elabore un Pliego \u00danico de Exigencias y se elija democr\u00e1ticamente la direcci\u00f3n que est\u00e9 a la altura del movimiento de lucha requerido para enfrentar y derrotar al gobierno de Duque-Uribe.<\/p>\n<p>Contra las reformas Tributaria y Pensional Paro indefinido y nacional!!!<br \/>\nContra el gobierno terrorista de bandidos Todos al Paro Nacional Indefinido!!!<br \/>\nCon un Pliego \u00danico y todos unidos Vamos al Paro Nacional Indefinido!!!<br \/>\nSin garant\u00edas de bioseguridad no hay alternancia educativa<br \/>\nSubsidio al desempleo equivalente al costo de la canasta familiar<\/p>\n<p>Colectivos Uinidos<\/p>\n","protected":false},"excerpt":{"rendered":"<p>La convocatoria al Paro Nacional para el pr\u00f3ximo 28 de abril gana cada vez m\u00e1s simpat\u00eda y esperanzas entre el pueblo colombiano. Los de abajo, los excluidos, los oprimidos tienen en esta Jornada Nacional de Protesta una gran oportunidad para unificar la inmensa cantidad de luchas que se dan dispersas en el territorio nacional. Luchan [&hellip;]<\/p>\n","protected":false},"author":20,"featured_media":4952,"comment_status":"closed","ping_status":"closed","sticky":false,"template":"","format":"standard","meta":[],"categories":[70,60,35],"tags":[210,90,93,105,208,212,106,211,213,209],"_links":{"self":[{"href":"https:\/\/uit-ci.org\/index.php\/wp-json\/wp\/v2\/posts\/4951"}],"collection":[{"href":"https:\/\/uit-ci.org\/index.php\/wp-json\/wp\/v2\/posts"}],"about":[{"href":"https:\/\/uit-ci.org\/index.php\/wp-json\/wp\/v2\/types\/post"}],"author":[{"embeddable":true,"href":"https:\/\/uit-ci.org\/index.php\/wp-json\/wp\/v2\/users\/20"}],"replies":[{"embeddable":true,"href":"https:\/\/uit-ci.org\/index.php\/wp-json\/wp\/v2\/comments?post=4951"}],"version-history":[{"count":1,"href":"https:\/\/uit-ci.org\/index.php\/wp-json\/wp\/v2\/posts\/4951\/revisions"}],"predecessor-version":[{"id":4957,"href":"https:\/\/uit-ci.org\/index.php\/wp-json\/wp\/v2\/posts\/4951\/revisions\/4957"}],"wp:featuredmedia":[{"embeddable":true,"href":"https:\/\/uit-ci.org\/index.php\/wp-json\/wp\/v2\/media\/4952"}],"wp:attachment":[{"href":"https:\/\/uit-ci.org\/index.php\/wp-json\/wp\/v2\/media?parent=4951"}],"wp:term":[{"taxonomy":"category","embeddable":true,"href":"https:\/\/uit-ci.org\/index.php\/wp-json\/wp\/v2\/categories?post=4951"},{"taxonomy":"post_tag","embeddable":true,"href":"https:\/\/uit-ci.org\/index.php\/wp-json\/wp\/v2\/tags?post=4951"}],"curies":[{"name":"wp","href":"https:\/\/api.w.org\/{rel}","templated":true}]}}