{"id":498,"date":"2012-12-23T19:51:14","date_gmt":"2012-12-23T19:51:14","guid":{"rendered":"http:\/\/uit-ci.org\/index.php\/2012\/12\/23\/europa-masividad-del-14n-y-ahora-ique\/"},"modified":"2012-12-23T19:51:14","modified_gmt":"2012-12-23T19:51:14","slug":"europa-masividad-del-14n-y-ahora-ique","status":"publish","type":"post","link":"https:\/\/uit-ci.org\/index.php\/2012\/12\/23\/europa-masividad-del-14n-y-ahora-ique\/","title":{"rendered":"Europa: Masividad del 14N, y ahora \u00bfqu\u00e9?"},"content":{"rendered":"<p><em><img loading=\"lazy\" src=\"images\/stories\/FOTOS\/Generales\/huelga14Nespa\u00f1a.jpg\" width=\"240\" height=\"148\" alt=\"Marcha de trabajadores espa\u00f1oles en la huelga general de ese pa\u00eds en el 14N\" style=\"margin-right: 5px; float: left;\" \/>Reproducimos a continuaci\u00f3n -casi en su totalidad- una nota firmada por M. Esther del Alc\u00e1zar, dirigente de Lucha Internacionalista (LI) del Estado espa\u00f1ol, sobre esta gran acci\u00f3n de los trabajadores europeos y las perspectivas.<\/em><\/p>\n<p>La huelga general de los pa\u00edses del sur europeo, con movilizaciones en el resto de la Uni\u00f3n Europea, fue un \u00e9xito. La masiva respuesta en Portugal y el Estado espa\u00f1ol, la de los paros de 3 y 4 horas en Italia y Grecia, y multitudinarias movilizaciones en 23 pa\u00edses, fueron el saldo de la primera acci\u00f3n a escala europea del movimiento obrero durante esta crisis. Pero evaluada la respuesta, urge saber qu\u00e9 m\u00e1s hacer para conseguir frenar los planes de ajuste de la UE.<\/p>\n<p>  <!--more-->  <\/p>\n<p><strong>La vanguardia: la huelga general griega del 6 y 7<\/strong><\/p>\n<p>A pesar de que los y las griegas tambi\u00e9n estaban convocadas el 14, su respuesta fue menor porque la huelga general hab\u00eda sido de 48 horas los d\u00edas 6 y 7 para frenar la aprobaci\u00f3n del III Memor\u00e1ndum en el Parlamento.<\/p>\n<p>La huelga fue total, incluyendo los comercios, y las manifestaciones, una vez m\u00e1s, masivas y con enfrentamientos. El resultado de la votaci\u00f3n parlamentaria reflej\u00f3 esa presi\u00f3n, rompi\u00e9ndose la disciplina partidaria y super\u00e1ndose el m\u00ednimo necesario por solo dos votos. Las expulsiones inmediatas de un diputado de Nueva Democracia y seis del PASOK muestran el grado de erosi\u00f3n de las instituciones griegas que, a golpe de huelga y movilizaci\u00f3n, son cada vez m\u00e1s d\u00e9biles para mantener los planes de la Troika. Y si ellos los paran, todos los y las trabajadoras europeas est\u00e1n m\u00e1s cerca de hacerlo en cada pa\u00eds. Por eso, y a pesar del \u00e9xito indudable de la huelga convocada para el 14, tuvo esa gran debilidad: que no estuvo al servicio y en coincidencia con esa lucha heroica hoy, de los y las trabajadoras griegas.<\/p>\n<p><strong>Cr\u00f3nica de una gran jornada<\/strong><\/p>\n<p>Como en Portugal, en el Estado espa\u00f1ol la huelga fue masiva. Y como en el vecino pa\u00eds -y tambi\u00e9n en las anteriores-, estuvo sustentada en el paro total de las grandes empresas de las f\u00e1bricas y el transporte, con seguimiento irregular en otros sectores. Sin embargo, esta vez, el paro en los servicios como educaci\u00f3n, sanidad o administraciones p\u00fablicas fue superior a las anteriores, especialmente en el primero. El aplazamiento de la huelga general convocada por CGT para el 31 de octubre al 14N para converger en la fecha -aunque con distinta convocatoria- fue tambi\u00e9n un elemento que ayud\u00f3 a la masividad.<\/p>\n<p>La expresi\u00f3n en la calle de esa fuerza fueron las masivas manifestaciones. La mayor fue la de Madrid, seguida de Barcelona y dem\u00e1s capitales, pero incluso las manifestaciones centrales de la ma\u00f1ana donde convergen los piquetes en las localidades fueron tambi\u00e9n muy masivas [&#8230;]<\/p>\n<p>Catalunya, junto Asturias y Galiza, fue donde mayores fueron los \u00edndices de paro.<\/p>\n<p>Y el cierre masivo del peque\u00f1o comercio, especialmente en el cintur\u00f3n industrial pero tambi\u00e9n en la capital, agregaron sectores de peque\u00f1a burgues\u00eda a la protesta.<\/p>\n<p>Menci\u00f3n aparte merece la situaci\u00f3n en Euskadi. Hasta hoy ha estado a la cabeza de las movilizaciones en el estado, tanto a nivel pol\u00edtico como sindical. La existencia de una mayor\u00eda sindical nacionalista ha permitido la convocatoria de m\u00e1s huelgas generales y muchas luchas que han servido de ejemplo. Sin embargo, el papel jugado en \u00e9sta ha sido terrible, desgajando a la clase obrera vasca de la lucha unitaria europea. Cierto es que ha habido desobediencia en algunos sectores de trabajadores y trabajadoras, pero tambi\u00e9n lo es que su posici\u00f3n ha permitido escuchar en la calle \u00abantes esquirol que espa\u00f1ol\u00bb para justificar su negativa a parar [&#8230;] en las filas de la clase, esta es una fisura que debemos cerrar si queremos frenar las pol\u00edticas que nos golpean de conjunto.<\/p>\n<p>La represi\u00f3n se llev\u00f3 por delante unos 140 detenidos, en su mayor\u00eda puestos en libertad como mucho al d\u00eda siguiente, y provoc\u00f3 m\u00e1s de 40 heridos [&#8230;] Las provocaciones policiales y las cargas gratuitas al final de la masiva movilizaci\u00f3n de CGT y otras fuerzas alternativas en Barcelona o en Neptuno, en Madrid, fueron la punta de un iceberg que no ha dejado de ser la \u00fanica respuesta del sistema durante toda esta crisis.<\/p>\n<p>Pero, ni la represi\u00f3n ni las sistem\u00e1ticas intervenciones del gobierno diciendo que no ten\u00eda incidencia, ni los llamados de la patronal a no hacerla para dar una \u00abbuena imagen\u00bb a los mercados pudieron frenar la masividad de la respuesta. Su fuerza fue tal que esa misma noche el vicepresidente de la Comisi\u00f3n europea y responsable de Asuntos Econ\u00f3micos, Olli Rehn, trataba de mandar un mensaje de calma, declarando que \u00abno pedir\u00e1 m\u00e1s recortes ni avanzar\u00e1 en el procedimiento sancionador contra Espa\u00f1a\u00bb ni para este a\u00f1o ni para el que viene, obviamente dando por sentado que se aplican los previstos por los Presupuestos Generales del Estado.<\/p>\n<p><strong>Y ahora, \u00bfqu\u00e9?<\/strong><\/p>\n<p>Est\u00e1 claro que la lucha debe seguir puesto que es una cuesti\u00f3n de supervivencia ante la brutalidad y continuidad del ataque conjunto de los gobiernos de la UE.<\/p>\n<p>Sin embargo, aquello que han sido debilidades deben ser superadas para lograr parar esos ataques. De un lado, ya hemos se\u00f1alado la importancia de ponerlas con el norte de fortalecer la lucha griega que es el punto m\u00e1s avanzado; del otro, \u00e9sta, como las huelgas anteriores, ha carecido de organismos de base reales que coordinaran la huelga y constituyeran los embriones del debate de la continuidad. Pero en este caso, a ello hay que a\u00f1adir la globalidad de esta huelga general: es imprescindible que se repita garantizando que se extienda a todos los pa\u00edses. Por ello, junto a los organismos de base, hay que coordinar por arriba, desde organizaciones pol\u00edticas y sindicales de izquierdas que vean la imperiosa necesidad de su extensi\u00f3n a todos los pa\u00edses de la UE.<\/p>\n<p>Por \u00faltimo, dar continuidad y radicalizar la lucha no necesariamente pasa por aumentar las horas de paro, que tambi\u00e9n puede ser, sino que esencialmente pasa por construir propuestas y objetivos en positivo, como el dejar de pagar la deuda para parar los recortes o nacionalizar la banca para evitar desahucios y dar alojamiento a las familias, as\u00ed como para impulsar planes contra el paro&#8230; Porque ahora, como m\u00ednimo, un par de cosas est\u00e1n claras: \u00a1Es necesaria una huelga general europea! \u00a1Y dejar de pagar la deuda!<\/p>\n","protected":false},"excerpt":{"rendered":"<p>Reproducimos a continuaci\u00f3n -casi en su totalidad- una nota firmada por M. Esther del Alc\u00e1zar, dirigente de Lucha Internacionalista (LI) del Estado espa\u00f1ol, sobre esta gran acci\u00f3n de los trabajadores europeos y las perspectivas. La huelga general de los pa\u00edses del sur europeo, con movilizaciones en el resto de la Uni\u00f3n Europea, fue un \u00e9xito. [&hellip;]<\/p>\n","protected":false},"author":1,"featured_media":0,"comment_status":"open","ping_status":"open","sticky":false,"template":"","format":"standard","meta":[],"categories":[21],"tags":[],"_links":{"self":[{"href":"https:\/\/uit-ci.org\/index.php\/wp-json\/wp\/v2\/posts\/498"}],"collection":[{"href":"https:\/\/uit-ci.org\/index.php\/wp-json\/wp\/v2\/posts"}],"about":[{"href":"https:\/\/uit-ci.org\/index.php\/wp-json\/wp\/v2\/types\/post"}],"author":[{"embeddable":true,"href":"https:\/\/uit-ci.org\/index.php\/wp-json\/wp\/v2\/users\/1"}],"replies":[{"embeddable":true,"href":"https:\/\/uit-ci.org\/index.php\/wp-json\/wp\/v2\/comments?post=498"}],"version-history":[{"count":0,"href":"https:\/\/uit-ci.org\/index.php\/wp-json\/wp\/v2\/posts\/498\/revisions"}],"wp:attachment":[{"href":"https:\/\/uit-ci.org\/index.php\/wp-json\/wp\/v2\/media?parent=498"}],"wp:term":[{"taxonomy":"category","embeddable":true,"href":"https:\/\/uit-ci.org\/index.php\/wp-json\/wp\/v2\/categories?post=498"},{"taxonomy":"post_tag","embeddable":true,"href":"https:\/\/uit-ci.org\/index.php\/wp-json\/wp\/v2\/tags?post=498"}],"curies":[{"name":"wp","href":"https:\/\/api.w.org\/{rel}","templated":true}]}}