{"id":513,"date":"2013-01-11T14:59:33","date_gmt":"2013-01-11T14:59:33","guid":{"rendered":"http:\/\/uit-ci.org\/index.php\/2013\/01\/11\/indigenas-amenazan-con-paralizar-la-economia-de-canda\/"},"modified":"2013-01-11T14:59:33","modified_gmt":"2013-01-11T14:59:33","slug":"indigenas-amenazan-con-paralizar-la-economia-de-canda","status":"publish","type":"post","link":"https:\/\/uit-ci.org\/index.php\/2013\/01\/11\/indigenas-amenazan-con-paralizar-la-economia-de-canda\/","title":{"rendered":"Ind\u00edgenas amenazan con paralizar la econom\u00eda de Canad\u00e1"},"content":{"rendered":"<p><em><img loading=\"lazy\" class=\" alignleft size-full wp-image-512\" src=\"http:\/\/uit-ci.org\/wp-content\/uploads\/2013\/01\/idlenomore.jpg\" width=\"240\" height=\"148\" alt=\"Movimiento &quot;Idle No More&quot;: IND\u00cdGENAS AMENAZAN CON PARALIZAR LA ECONOM\u00cdA DE CANAD\u00c1\" style=\"margin-right: 5px; float: left;\" srcset=\"https:\/\/uit-ci.org\/wp-content\/uploads\/2013\/01\/idlenomore.jpg 600w, https:\/\/uit-ci.org\/wp-content\/uploads\/2013\/01\/idlenomore-300x185.jpg 300w\" sizes=\"(max-width: 240px) 100vw, 240px\" \/>En las \u00faltimas semanas, los habitantes originarios del pa\u00eds han protagonizado decenas de protestas y bloqueos de carreteras y v\u00edas f\u00e9rreas en todo el pa\u00eds, denominado \u00abSe acab\u00f3 el no hacer nada\u00bb (Idle No More).<\/em><\/p>\n<p>Jueves 10 de enero de 2013| por EFE<\/p>\n<p>L\u00edderes ind\u00edgenas canadienses amenazaron con \u00abpostrar la econom\u00eda canadiense\u00bb y advirtieron que tienen \u00abguerreros a la espera\u00bb, si no se atienden sus demandas antes de su reuni\u00f3n ma\u00f1ana con el primer ministro, Stephen Harper.<\/p>\n<p>  <!--more-->  <\/p>\n<p>Durante una rueda de prensa celebrada este jueves, el Gran Jefe de la Asamblea de Jefes de Manitoba, Derek Nepinak, que agrupa a todas las tribus ind\u00edgenas de la provincia, dijo que los ind\u00edgenas canadienses \u00abno est\u00e1n pidiendo al Gobierno canadiense, estamos demandando que se ponga de acuerdo con nosotros\u00bb.<\/p>\n<p>Nepinak a\u00f1adi\u00f3 que el movimiento popular ind\u00edgena que en las \u00faltimas semanas ha protagonizado decenas de protestas y bloqueos de carreteras y v\u00edas f\u00e9rreas en todo el pa\u00eds, denominado \u00abSe acab\u00f3 el no hacer nada\u00bb, est\u00e1 listo para paralizar econ\u00f3micamente el pa\u00eds.<\/p>\n<p>Asegur\u00f3 que \u00abSe acab\u00f3 el no hacer nada\u00bb est\u00e1 presente en todo el pa\u00eds y que \u00abtiene la gente y los n\u00fameros que pueden postrar la econom\u00eda canadiense de rodillas, que pueden parar el plan de desarrollo de recursos del primer ministro Harper\u00bb.<\/p>\n<p>\u00abTenemos los guerreros que est\u00e1n levant\u00e1ndose y que est\u00e1n dispuestos a llegar tan lejos\u00bb, a\u00f1adi\u00f3 en tono amenazante Nepinak.<\/p>\n<p>Tambi\u00e9n dijo que no acudir\u00e1n a la reuni\u00f3n planeada para este viernes con el primer ministro si a la misma no asiste el Gobernador General, David Johnston, quien ejerce como Jefe de Estado canadiense en representaci\u00f3n de la reina Isabel II de Inglaterra.<\/p>\n<p>El Gran Jefe de Manitoba se sum\u00f3 as\u00ed a las demandas de la Jefa Theresa Spence, la l\u00edder ind\u00edgena que est\u00e1 en huelga de hambre desde el 11 de diciembre y cuya protesta gener\u00f3 la aparici\u00f3n del movimiento \u00abSe acab\u00f3 el no hacer nada\u00bb, para reclamar una reuni\u00f3n conjunta con Harper y Johnston.<\/p>\n<p>Los l\u00edderes ind\u00edgenas exigen la presencia de Johnston porque muchos de los tratados que rigen sus relaciones con Ottawa fueron firmados con la monarqu\u00eda brit\u00e1nica durante la \u00e9poca de la colonizaci\u00f3n como acuerdos \u00abde naci\u00f3n a naci\u00f3n\u00bb.<\/p>\n<p>Spence confirm\u00f3 el mi\u00e9rcoles que no acudir\u00eda a la reuni\u00f3n con Harper por considerar insuficiente el \u00abencuentro de trabajo\u00bb, tal y como el primer ministro ha calificado la cita, sin la presencia del representante oficial de la reina de Inglaterra.<\/p>\n<p>Este jueves la oficina de Johnston emiti\u00f3 un comunicado en el que cedi\u00f3 parcialmente a sus demandas y se\u00f1al\u00f3 que el Gobernador General se reunir\u00e1 con los l\u00edderes ind\u00edgenas tras su encuentro con Harper.<\/p>\n<p>El Gobierno canadiense ha calificado el encuentro de \u00abceremonial\u00bb, lo que tampoco ha ayudado a aplacar a Spence y Nepinak.<\/p>\n<p>Quien s\u00ed acudir\u00e1 a las reuniones con Harper y Johnston es el presidente de la Asamblea de Primeras Naciones, Shawn Atleo, que agrupa a todas las tribus ind\u00edgenas de Canad\u00e1.<\/p>\n<p>Atleo, considerado como un moderado por muchos l\u00edderes ind\u00edgenas, dijo este jueves que espera encontrar una soluci\u00f3n a las demandas de sus pueblos que se centran en aliviar la pobreza y problemas sociales que sufren gran parte de las comunidades ind\u00edgenas as\u00ed como resolver las reclamaciones territoriales y de derechos.<\/p>\n<p>Pero Atleo tambi\u00e9n dijo durante una rueda de prensa: \u00abLa pobreza est\u00e1 matando nuestra gente\u00bb. \u00abLa historia de colonizaci\u00f3n y acciones unilaterales por parte de los gobiernos tiene que cesar ya\u00bb.<\/p>\n<p>Nepinak tambi\u00e9n se refiri\u00f3 a la colonizaci\u00f3n en sus palabras.<\/p>\n<p>\u00abNo estamos aqu\u00ed para firmar un nuevo acuerdo de financiaci\u00f3n. Estamos aqu\u00ed para reconocer 140 a\u00f1os de imposici\u00f3n colonial que ha causado devastadoras consecuencias a nuestras comunidades\u00bb, dijo el Gran Jefe de Manitoba.<\/p>\n<p>\u00abYa basta. Nuestros j\u00f3venes est\u00e1n hartos, nuestras mujeres est\u00e1n hartas, nuestras abuelas est\u00e1s hartas. No tenemos nada m\u00e1s que perder. Buscamos una transformaci\u00f3n en la relaci\u00f3n. Hablamos de una transformaci\u00f3n de naci\u00f3n a naci\u00f3n que reconozca las ataduras a nuestras tierras ancestrales. Son demandas no peticiones\u00bb, termin\u00f3 se\u00f1alando.<\/p>\n","protected":false},"excerpt":{"rendered":"<p>En las \u00faltimas semanas, los habitantes originarios del pa\u00eds han protagonizado decenas de protestas y bloqueos de carreteras y v\u00edas f\u00e9rreas en todo el pa\u00eds, denominado \u00abSe acab\u00f3 el no hacer nada\u00bb (Idle No More). Jueves 10 de enero de 2013| por EFE L\u00edderes ind\u00edgenas canadienses amenazaron con \u00abpostrar la econom\u00eda canadiense\u00bb y advirtieron que [&hellip;]<\/p>\n","protected":false},"author":1,"featured_media":512,"comment_status":"open","ping_status":"open","sticky":false,"template":"","format":"standard","meta":[],"categories":[35],"tags":[],"_links":{"self":[{"href":"https:\/\/uit-ci.org\/index.php\/wp-json\/wp\/v2\/posts\/513"}],"collection":[{"href":"https:\/\/uit-ci.org\/index.php\/wp-json\/wp\/v2\/posts"}],"about":[{"href":"https:\/\/uit-ci.org\/index.php\/wp-json\/wp\/v2\/types\/post"}],"author":[{"embeddable":true,"href":"https:\/\/uit-ci.org\/index.php\/wp-json\/wp\/v2\/users\/1"}],"replies":[{"embeddable":true,"href":"https:\/\/uit-ci.org\/index.php\/wp-json\/wp\/v2\/comments?post=513"}],"version-history":[{"count":0,"href":"https:\/\/uit-ci.org\/index.php\/wp-json\/wp\/v2\/posts\/513\/revisions"}],"wp:featuredmedia":[{"embeddable":true,"href":"https:\/\/uit-ci.org\/index.php\/wp-json\/wp\/v2\/media\/512"}],"wp:attachment":[{"href":"https:\/\/uit-ci.org\/index.php\/wp-json\/wp\/v2\/media?parent=513"}],"wp:term":[{"taxonomy":"category","embeddable":true,"href":"https:\/\/uit-ci.org\/index.php\/wp-json\/wp\/v2\/categories?post=513"},{"taxonomy":"post_tag","embeddable":true,"href":"https:\/\/uit-ci.org\/index.php\/wp-json\/wp\/v2\/tags?post=513"}],"curies":[{"name":"wp","href":"https:\/\/api.w.org\/{rel}","templated":true}]}}