{"id":5635,"date":"2021-05-26T17:56:14","date_gmt":"2021-05-26T17:56:14","guid":{"rendered":"http:\/\/uit-ci.org\/?p=5635"},"modified":"2021-05-26T17:56:14","modified_gmt":"2021-05-26T17:56:14","slug":"colombia-el-paro-nacional-cumple-un-mes","status":"publish","type":"post","link":"https:\/\/uit-ci.org\/index.php\/2021\/05\/26\/colombia-el-paro-nacional-cumple-un-mes\/","title":{"rendered":"Colombia. El paro nacional cumple un mes"},"content":{"rendered":"<p>Escribe\u00a0<strong>Miguel Lamas<\/strong><\/p>\n<p><i>Contin\u00faa el paro nacional con bloqueos y movilizaciones en Colombia. Este 28 se cumple un mes. La dirigencia del Comit\u00e9 Nacional de Paro (CNP, que re\u00fane a las centrales obreras CUT, CTC y CGT y la Federaci\u00f3n de Docentes) ha convocado para la semana del 24 al 29 de mayo a un conjunto de movilizaciones. Sin embargo, contin\u00faan las negociaciones con el gobierno de Duque a espaldas del pueblo movilizado y se ha negado a paralizar la producci\u00f3n en sectores de trabajadores industriales que dirige.<\/i><\/p>\n<p>La rebeli\u00f3n popular, que fue y es reprimida sumando m\u00e1s de cincuenta muertos, centenares de heridos y desaparecidos, no se detiene. El gobierno de Duque ya se vio obligado a retirar su proyecto de reforma tributaria y tambi\u00e9n el de la reforma (privatizaci\u00f3n) de\u00a0 la salud p\u00fablica.<\/p>\n<p>En Cali, las barras bravas del Deportivo Cali y Am\u00e9rica de Cali, dos equipos rivales, que se han enfrentado violentamente en muchas oportunidades, salieron a la calle juntas a manifestarse contra el gobierno de Duque.<\/p>\n<p>Al no poder detener la inmensa movilizaci\u00f3n juvenil, popular e ind\u00edgena, el presidente Duque dijo que el culpable era Gustavo Petro, el dirigente de Colombia Humana, de centroizquierda, que, seg\u00fan Duque \u201cno lo quiere dejar gobernar\u201d. Petro, que obviamente no dirige ni convoca a las movilizaciones, respondi\u00f3 reiterando su llamado a un acuerdo entre Duque y el Comit\u00e9 Nacional de Paro, al que viene convocando desde el comienzo de las movilizaciones.<\/p>\n<p>En las barricadas, los bloqueos y las asambleas populares se prepara la gran movilizaci\u00f3n nacional para este viernes 28 de mayo, fecha en que se cumple un mes del inicio de la rebeli\u00f3n popular con la consigna \u00a1Fuera Duque!<\/p>\n","protected":false},"excerpt":{"rendered":"<p>Escribe\u00a0Miguel Lamas Contin\u00faa el paro nacional con bloqueos y movilizaciones en Colombia. Este 28 se cumple un mes. La dirigencia del Comit\u00e9 Nacional de Paro (CNP, que re\u00fane a las centrales obreras CUT, CTC y CGT y la Federaci\u00f3n de Docentes) ha convocado para la semana del 24 al 29 de mayo a un conjunto [&hellip;]<\/p>\n","protected":false},"author":2,"featured_media":5636,"comment_status":"closed","ping_status":"closed","sticky":false,"template":"","format":"standard","meta":[],"categories":[35],"tags":[210,93,105,208,106,211,219,237,209],"_links":{"self":[{"href":"https:\/\/uit-ci.org\/index.php\/wp-json\/wp\/v2\/posts\/5635"}],"collection":[{"href":"https:\/\/uit-ci.org\/index.php\/wp-json\/wp\/v2\/posts"}],"about":[{"href":"https:\/\/uit-ci.org\/index.php\/wp-json\/wp\/v2\/types\/post"}],"author":[{"embeddable":true,"href":"https:\/\/uit-ci.org\/index.php\/wp-json\/wp\/v2\/users\/2"}],"replies":[{"embeddable":true,"href":"https:\/\/uit-ci.org\/index.php\/wp-json\/wp\/v2\/comments?post=5635"}],"version-history":[{"count":1,"href":"https:\/\/uit-ci.org\/index.php\/wp-json\/wp\/v2\/posts\/5635\/revisions"}],"predecessor-version":[{"id":5641,"href":"https:\/\/uit-ci.org\/index.php\/wp-json\/wp\/v2\/posts\/5635\/revisions\/5641"}],"wp:featuredmedia":[{"embeddable":true,"href":"https:\/\/uit-ci.org\/index.php\/wp-json\/wp\/v2\/media\/5636"}],"wp:attachment":[{"href":"https:\/\/uit-ci.org\/index.php\/wp-json\/wp\/v2\/media?parent=5635"}],"wp:term":[{"taxonomy":"category","embeddable":true,"href":"https:\/\/uit-ci.org\/index.php\/wp-json\/wp\/v2\/categories?post=5635"},{"taxonomy":"post_tag","embeddable":true,"href":"https:\/\/uit-ci.org\/index.php\/wp-json\/wp\/v2\/tags?post=5635"}],"curies":[{"name":"wp","href":"https:\/\/api.w.org\/{rel}","templated":true}]}}