{"id":5736,"date":"2021-05-29T22:21:57","date_gmt":"2021-05-29T22:21:57","guid":{"rendered":"http:\/\/uit-ci.org\/?p=5736"},"modified":"2021-05-30T17:33:48","modified_gmt":"2021-05-30T17:33:48","slug":"argentina-exitosa-audiencia-publica-por-una-palestina-libre-y-en-defensa-del-diputado-giordano","status":"publish","type":"post","link":"https:\/\/uit-ci.org\/index.php\/2021\/05\/29\/argentina-exitosa-audiencia-publica-por-una-palestina-libre-y-en-defensa-del-diputado-giordano\/","title":{"rendered":"Argentina: Exitosa audiencia p\u00fablica por una palestina libre y en defensa del diputado Giordano"},"content":{"rendered":"<p>Con la participaci\u00f3n del Premio Nobel de la Paz, P\u00e9rez Esquivel; Nora Corti\u00f1as, Madres de Plaza de Mayo \u2013 L\u00ednea Fundadora; Tilda Rabi, Presidenta de la Federaci\u00f3n de Entidades Argentina Palestina; Norman Briski, actor; Nicol\u00e1s Del Ca\u00f1o, diputado nacional; M\u00f3nica Schlotthauer, diputada nacional electa y dirigente ferroviaria y otras personalidades, dirigentes y luchadores (nacionales e internacionales) se realiz\u00f3 la Audiencia p\u00fablica por una Palestina Libre y en defensa del diputado nacional Juan Carlos Giordano.<\/p>\n<p>Abri\u00f3 el Diputado Giordano denunciando los bombardeos recientes sobre el pueblo palestino y el car\u00e1cter racista del Estado de Israel. Continu\u00f3 con la descripci\u00f3n de la persecuci\u00f3n pol\u00edtica a la que es sometido, tanto \u00e9l como todo aqu\u00e9l que se atreve a denunciar las atrocidades del sionismo.<\/p>\n<p>Luego intervinieron los dem\u00e1s participantes en el mismo sentido y expresando su apoyo al pueblo palestino y al diputado Giordano destac\u00e1ndose la participaci\u00f3n de referentes de los derechos humanos como Norma R\u00edos, Presidenta de la APDH; Roberto Perd\u00eda, Organizaciones Libres del Pueblo; y referentes palestinos como Siman Safadi Khoury, Diputado Consejo Nacional Palestino y Presidente Uni\u00f3n Palestina de Am\u00e9rica Latina, y Jorge Yacir, de Argentina.<\/p>\n<p>Tambi\u00e9n hizo llegar su saludo Al\u00ed KenaNoglu, diputado del Partido Democr\u00e1tico del Pueblo (HDP) de Turqu\u00eda, alianza integrada por el movimiento kurdo y sectores de la izquierda turca, y dirigentes sindicales como Roberto \u201cBeto\u201d Pianelli, del subte, Romina Del Pla, diputada nacional (mc) y secretaria general de Suteba La Matanza; Carlos Sagul, sec. de prensa de SiPreBa, Guillermo Pacagnini, sec. gral. de la Cicop, y Susana Aranda del grupo de vecinos autoconvocados contra Klaukol.<\/p>\n<p>Por su parte intervinieron Eduardo Gr\u00fcner, Herm\u00e1n D\u00edaz, Miguel Ibarlucea, Lucas Rubinich y Hern\u00e1n Camarero junto a las y los dirigentes del Frente de Izquierda Unidad, Myriam Bregman, N\u00e9stor Pitrola, Laura Marrone, Celeste Fierro y Cristian Castillo.<\/p>\n<p>Un encuentro que expres\u00f3 el apoyo en Argentina a la lucha del pueblo palestino contra la agresi\u00f3n sionista y la defensa del diputado nacional Giordano de Izquierda Socialista.<\/p>\n","protected":false},"excerpt":{"rendered":"<p>Con la participaci\u00f3n del Premio Nobel de la Paz, P\u00e9rez Esquivel; Nora Corti\u00f1as, Madres de Plaza de Mayo \u2013 L\u00ednea Fundadora; Tilda Rabi, Presidenta de la Federaci\u00f3n de Entidades Argentina Palestina; Norman Briski, actor; Nicol\u00e1s Del Ca\u00f1o, diputado nacional; M\u00f3nica Schlotthauer, diputada nacional electa y dirigente ferroviaria y otras personalidades, dirigentes y luchadores (nacionales e [&hellip;]<\/p>\n","protected":false},"author":26,"featured_media":5737,"comment_status":"closed","ping_status":"closed","sticky":false,"template":"","format":"standard","meta":[],"categories":[76,39],"tags":[260,263,301,93,105,255,264,278,254,279,293,209],"_links":{"self":[{"href":"https:\/\/uit-ci.org\/index.php\/wp-json\/wp\/v2\/posts\/5736"}],"collection":[{"href":"https:\/\/uit-ci.org\/index.php\/wp-json\/wp\/v2\/posts"}],"about":[{"href":"https:\/\/uit-ci.org\/index.php\/wp-json\/wp\/v2\/types\/post"}],"author":[{"embeddable":true,"href":"https:\/\/uit-ci.org\/index.php\/wp-json\/wp\/v2\/users\/26"}],"replies":[{"embeddable":true,"href":"https:\/\/uit-ci.org\/index.php\/wp-json\/wp\/v2\/comments?post=5736"}],"version-history":[{"count":1,"href":"https:\/\/uit-ci.org\/index.php\/wp-json\/wp\/v2\/posts\/5736\/revisions"}],"predecessor-version":[{"id":5742,"href":"https:\/\/uit-ci.org\/index.php\/wp-json\/wp\/v2\/posts\/5736\/revisions\/5742"}],"wp:featuredmedia":[{"embeddable":true,"href":"https:\/\/uit-ci.org\/index.php\/wp-json\/wp\/v2\/media\/5737"}],"wp:attachment":[{"href":"https:\/\/uit-ci.org\/index.php\/wp-json\/wp\/v2\/media?parent=5736"}],"wp:term":[{"taxonomy":"category","embeddable":true,"href":"https:\/\/uit-ci.org\/index.php\/wp-json\/wp\/v2\/categories?post=5736"},{"taxonomy":"post_tag","embeddable":true,"href":"https:\/\/uit-ci.org\/index.php\/wp-json\/wp\/v2\/tags?post=5736"}],"curies":[{"name":"wp","href":"https:\/\/api.w.org\/{rel}","templated":true}]}}