{"id":6195,"date":"2021-06-25T15:13:16","date_gmt":"2021-06-25T15:13:16","guid":{"rendered":"http:\/\/uit-ci.org\/?p=6195"},"modified":"2025-07-15T18:20:40","modified_gmt":"2025-07-15T18:20:40","slug":"de-stonewall-a-hoy-la-lucha-internacional-de-las-disidencias-sexo-afectivas-y-de-generos","status":"publish","type":"post","link":"https:\/\/uit-ci.org\/index.php\/2021\/06\/25\/de-stonewall-a-hoy-la-lucha-internacional-de-las-disidencias-sexo-afectivas-y-de-generos\/","title":{"rendered":"De Stonewall a hoy. La lucha internacional de las disidencias sexo afectivas y de g\u00e9neros"},"content":{"rendered":"<p><span style=\"font-weight: 400;\">Por\u00a0<strong>PrensaUIT-CI<\/strong><\/span><\/p>\n<p>El 28 de junio se celebra el d\u00eda del orgullo de las disidencias sexoafectivas y de g\u00e9neros, en conmemoraci\u00f3n de la revuelta de Stonewall en Estados Unidos, hecho que marc\u00f3 el surgimiento del movimiento moderno de las disidencias.<\/p>\n<p>&nbsp;<\/p>\n<p><span style=\"font-weight: 400;\"><img loading=\"lazy\" class=\"size-medium wp-image-6196 alignleft\" src=\"http:\/\/uit-ci.org\/wp-content\/uploads\/2021\/06\/stonewall-bis-300x173.jpg\" alt=\"\" width=\"300\" height=\"173\" srcset=\"https:\/\/uit-ci.org\/wp-content\/uploads\/2021\/06\/stonewall-bis-300x173.jpg 300w, https:\/\/uit-ci.org\/wp-content\/uploads\/2021\/06\/stonewall-bis-768x444.jpg 768w, https:\/\/uit-ci.org\/wp-content\/uploads\/2021\/06\/stonewall-bis-600x347.jpg 600w, https:\/\/uit-ci.org\/wp-content\/uploads\/2021\/06\/stonewall-bis-750x434.jpg 750w, https:\/\/uit-ci.org\/wp-content\/uploads\/2021\/06\/stonewall-bis.jpg 830w\" sizes=\"(max-width: 300px) 100vw, 300px\" \/>Esa fecha pero de 1969, en Nueva York, se desarroll\u00f3 un levantamiento de lesbianas, gays, travestis y trans, a partir de una razzia policial en el bar Stonewall Inn. Durante tres noches, cientos salieron a las calles para luchar contra la criminalizaci\u00f3n y persecuci\u00f3n a trav\u00e9s de edictos policiales, el orden sexual existente, la monogamia impuesta por la iglesia, la patologizaci\u00f3n de las orientaciones sexuales y las identidades de g\u00e9nero disidentes; fue la punta de lanza del movimiento. Los hechos cobraron repercusi\u00f3n internacional, y a ra\u00edz de ello se empezaron a organizar las primeras marchas del orgullo, reconociendo esa fecha como el d\u00eda internacional del orgullo.<\/span><\/p>\n<p>&nbsp;<\/p>\n<p><span style=\"font-weight: 400;\">A partir de ese hecho, el movimiento de las disidencias comenz\u00f3 tomar protagonismo en el mundo. La lucha por acceder a mayores derechos como el matrimonio, la identidad de g\u00e9nero, el trabajo formal, el acceso a la salud, etc., son las banderas hist\u00f3ricas del movimiento. Pero la que encabeza y sigue vigente es la lucha contra la discriminaci\u00f3n que deriva en cr\u00edmenes de odios como expulsi\u00f3n de colegios, lugares de trabajo, o eventos p\u00fablicos. Tambi\u00e9n la violencia correctiva que termina en abusos, violaciones y en el peor de los casos, la muerte.<\/span><\/p>\n<p>&nbsp;<\/p>\n<p><span style=\"font-weight: 400;\">En un contexto de crisis capitalista, la comunidad de las disidencias sigue sufriendo estos flagelos en el mundo, en mayor o menor medida en algunos pa\u00edses. En algunos, con gobiernos reaccionarios que impulsan y promueven pol\u00edticas de discriminaci\u00f3n y marginaci\u00f3n social y en otros que posan de progresistas y se montan en las luchas del movimiento, cediendo a la presi\u00f3n y otorgando derechos arrancados por la <\/span>movilizaci\u00f3n. Pero<span style=\"font-weight: 400;\"> que aun as\u00ed <\/span>son insuficientes<span style=\"font-weight: 400;\"> para garantizar la vida digna y plena de las disidencias. Tambi\u00e9n, es el <\/span>sistema capitalista-imperialista<span style=\"font-weight: 400;\"> que se ha montado sobre el movimiento de las disidencias tratando de captar para el consumo y la generaci\u00f3n de ganancias<\/span>. Como la visibilizaci\u00f3n<span style=\"font-weight: 400;\"> del movimiento, lo que se conoce como \u201cpinkwashing\u201d o \u201ccapitalismo rosa\u201d, d\u00f3nde lava por completa la profunda lucha del colectivo de las disidencias.<\/span><\/p>\n<p>&nbsp;<\/p>\n<p><span style=\"font-weight: 400;\">Por eso es necesario recuperar la lucha del colectivo que en todo el mundo viene siendo parte de las grandes revueltas obreras y populares como la de Chile o Colombia, o las grandes movilizaciones contra el racismo en Estados Unidos, incluso formando parte activa y consciente de las luchas del movimiento feminista.<\/span><\/p>\n<p><span style=\"font-weight: 400;\"><br \/>\nA 52 a\u00f1os de la revuelta de Stonewall las disidencias se siguen organizando contra todos los gobiernos y sus pol\u00edticas represivas y discriminatorias en todo el mundo. Durante esta pandemia, la crisis ha golpeado duramente al colectivo. A la precarizaci\u00f3n, el trabajo inestable y el desempleo, se suma la discriminaci\u00f3n laboral que sufren por orientaciones sexoafectivas e identidades de g\u00e9nero. La cuarentena para prevenir la propagaci\u00f3n del covid19 solo agrav\u00f3 estas condiciones de precariedad y miseria a la que los gobiernos nos someten.<\/span><\/p>\n<p>&nbsp;<\/p>\n<p><span style=\"font-weight: 400;\"><img loading=\"lazy\" class=\"size-medium wp-image-6201 alignleft\" src=\"http:\/\/uit-ci.org\/wp-content\/uploads\/2021\/06\/WhatsApp-Image-2021-06-23-at-22.44.20-300x300.jpeg\" alt=\"\" width=\"300\" height=\"300\" srcset=\"https:\/\/uit-ci.org\/wp-content\/uploads\/2021\/06\/WhatsApp-Image-2021-06-23-at-22.44.20-300x300.jpeg 300w, https:\/\/uit-ci.org\/wp-content\/uploads\/2021\/06\/WhatsApp-Image-2021-06-23-at-22.44.20-1024x1024.jpeg 1024w, https:\/\/uit-ci.org\/wp-content\/uploads\/2021\/06\/WhatsApp-Image-2021-06-23-at-22.44.20-150x150.jpeg 150w, https:\/\/uit-ci.org\/wp-content\/uploads\/2021\/06\/WhatsApp-Image-2021-06-23-at-22.44.20-768x768.jpeg 768w, https:\/\/uit-ci.org\/wp-content\/uploads\/2021\/06\/WhatsApp-Image-2021-06-23-at-22.44.20-600x600.jpeg 600w, https:\/\/uit-ci.org\/wp-content\/uploads\/2021\/06\/WhatsApp-Image-2021-06-23-at-22.44.20-100x100.jpeg 100w, https:\/\/uit-ci.org\/wp-content\/uploads\/2021\/06\/WhatsApp-Image-2021-06-23-at-22.44.20-75x75.jpeg 75w, https:\/\/uit-ci.org\/wp-content\/uploads\/2021\/06\/WhatsApp-Image-2021-06-23-at-22.44.20-750x750.jpeg 750w, https:\/\/uit-ci.org\/wp-content\/uploads\/2021\/06\/WhatsApp-Image-2021-06-23-at-22.44.20.jpeg 1080w\" sizes=\"(max-width: 300px) 100vw, 300px\" \/>En el marco de este mes del orgullo es que desde la militancia de la UIT-CI se impulsa esta charla virtual con organizaciones de la disidencias y militantes que forman parte de la construcci\u00f3n de organizaciones revolucionarias en el mundo.\u00a0<\/span><\/p>\n<p><b>S\u00e1bado 26\/6 a las 16hs (Ch) y 17hs (Arg\/Brs) a trav\u00e9s de la transmisi\u00f3n en vivo por el <a href=\"https:\/\/youtu.be\/jDmT1x5ix6c\">canal de YouTube de la UIT-CI<\/a><\/b><\/p>\n","protected":false},"excerpt":{"rendered":"<p>Por\u00a0PrensaUIT-CI El 28 de junio se celebra el d\u00eda del orgullo de las disidencias sexoafectivas y de g\u00e9neros, en conmemoraci\u00f3n de la revuelta de Stonewall en Estados Unidos, hecho que marc\u00f3 el surgimiento del movimiento moderno de las disidencias. &nbsp; Esa fecha pero de 1969, en Nueva York, se desarroll\u00f3 un levantamiento de lesbianas, gays, [&hellip;]<\/p>\n","protected":false},"author":26,"featured_media":6206,"comment_status":"closed","ping_status":"closed","sticky":false,"template":"","format":"standard","meta":[],"categories":[59,1],"tags":[399,393,394,382,353,352,99,397,105,331,398,390,208,391,392,150,383,389,395,396],"_links":{"self":[{"href":"https:\/\/uit-ci.org\/index.php\/wp-json\/wp\/v2\/posts\/6195"}],"collection":[{"href":"https:\/\/uit-ci.org\/index.php\/wp-json\/wp\/v2\/posts"}],"about":[{"href":"https:\/\/uit-ci.org\/index.php\/wp-json\/wp\/v2\/types\/post"}],"author":[{"embeddable":true,"href":"https:\/\/uit-ci.org\/index.php\/wp-json\/wp\/v2\/users\/26"}],"replies":[{"embeddable":true,"href":"https:\/\/uit-ci.org\/index.php\/wp-json\/wp\/v2\/comments?post=6195"}],"version-history":[{"count":4,"href":"https:\/\/uit-ci.org\/index.php\/wp-json\/wp\/v2\/posts\/6195\/revisions"}],"predecessor-version":[{"id":6233,"href":"https:\/\/uit-ci.org\/index.php\/wp-json\/wp\/v2\/posts\/6195\/revisions\/6233"}],"wp:featuredmedia":[{"embeddable":true,"href":"https:\/\/uit-ci.org\/index.php\/wp-json\/wp\/v2\/media\/6206"}],"wp:attachment":[{"href":"https:\/\/uit-ci.org\/index.php\/wp-json\/wp\/v2\/media?parent=6195"}],"wp:term":[{"taxonomy":"category","embeddable":true,"href":"https:\/\/uit-ci.org\/index.php\/wp-json\/wp\/v2\/categories?post=6195"},{"taxonomy":"post_tag","embeddable":true,"href":"https:\/\/uit-ci.org\/index.php\/wp-json\/wp\/v2\/tags?post=6195"}],"curies":[{"name":"wp","href":"https:\/\/api.w.org\/{rel}","templated":true}]}}