{"id":6387,"date":"2021-07-06T14:11:33","date_gmt":"2021-07-06T14:11:33","guid":{"rendered":"http:\/\/uit-ci.org\/?p=6387"},"modified":"2025-07-15T18:20:40","modified_gmt":"2025-07-15T18:20:40","slug":"estado-espanol-justicia-para-samuel-muniz-joven-asesinado-por-su-orientacion-sexual","status":"publish","type":"post","link":"https:\/\/uit-ci.org\/index.php\/2021\/07\/06\/estado-espanol-justicia-para-samuel-muniz-joven-asesinado-por-su-orientacion-sexual\/","title":{"rendered":"Estado espa\u00f1ol: Justicia para Samuel Luiz Mu\u00f1iz, joven asesinado por su orientaci\u00f3n sexual"},"content":{"rendered":"<p align=\"left\"><span style=\"color: #000000; font-family: Arial; font-size: small;\">Por <strong>Prensa UIT-CI<\/strong><\/span><\/p>\n<figure id=\"attachment_6388\" aria-describedby=\"caption-attachment-6388\" style=\"width: 262px\" class=\"wp-caption alignleft\"><img loading=\"lazy\" class=\"wp-image-6388\" src=\"http:\/\/uit-ci.org\/wp-content\/uploads\/2021\/07\/dt.common.streams.StreamServer-300x200.jpg\" alt=\"\" width=\"262\" height=\"175\" \/><figcaption id=\"caption-attachment-6388\" class=\"wp-caption-text\">Samuel Mu\u00f1iz, joven asesinado en Galicia por su orientaci\u00f3n sexual<\/figcaption><\/figure>\n<p align=\"left\"><span style=\"color: #000000;\"><span style=\"font-family: Arial;\"><span style=\"font-size: small;\">A d\u00edas de haberse conmemorado 52 a\u00f1os de la\u00a0<\/span><\/span><\/span><span style=\"color: #000000;\"><span style=\"font-family: Arial;\"><span style=\"font-size: small;\">r<\/span><\/span><\/span><span style=\"color: #000000;\"><span style=\"font-family: Arial;\"><span style=\"font-size: small;\">evuelta de Stonewall, protestas que marcaron el camino del movimiento\u00a0<\/span><\/span><\/span><span style=\"color: #000000;\"><span style=\"font-family: Arial;\"><span style=\"font-size: small;\">moderno\u00a0<\/span><\/span><\/span><span style=\"color: #000000;\"><span style=\"font-family: Arial;\"><span style=\"font-size: small;\">de las disidencias, asesinaron a Samuel Luiz Mu\u00f1iz en Galicia, Estado espa\u00f1ol, por su orientaci\u00f3n sexual.<\/span><\/span><\/span><\/p>\n<p align=\"left\"><span style=\"color: #000000;\"><span style=\"font-family: Arial;\"><span style=\"font-size: small;\">En la madrugada del s\u00e1bado 3 de julio, en el marco del levantamiento de las restricciones\u00a0<\/span><\/span><\/span><span style=\"color: #000000;\"><span style=\"font-family: Arial;\"><span style=\"font-size: small;\">impuestas por la pandemia<\/span><\/span><\/span><span style=\"color: #000000;\"><span style=\"font-family: Arial;\"><span style=\"font-size: small;\">, el joven Samuel Mu\u00f1iz (24 a\u00f1os) sali\u00f3 a bailar con u<\/span><\/span><\/span><span style=\"color: #000000;\"><span style=\"font-family: Arial;\"><span style=\"font-size: small;\">na<\/span><\/span><\/span><span style=\"color: #000000;\"><span style=\"font-family: Arial;\"><span style=\"font-size: small;\">\u00a0amiga en La Coru\u00f1a, ciudad gallega del Estado espa\u00f1ol. A la salida del\u00a0<\/span><\/span><\/span><span style=\"color: #000000;\"><span style=\"font-family: Arial;\"><span style=\"font-size: small;\">lugar\u00a0<\/span><\/span><\/span><span style=\"color: #000000;\"><span style=\"font-family: Arial;\"><span style=\"font-size: small;\">un grupo de varones al grito de \u201cte vamos a matar maric\u00f3n de mierda\u201d, lo molieron a golpes\u00a0<\/span><\/span><\/span><span style=\"color: #000000;\"><span style=\"font-family: Arial;\"><span style=\"font-size: small;\">dej\u00e1ndolo<\/span><\/span><\/span><span style=\"color: #000000;\"><span style=\"font-family: Arial;\"><span style=\"font-size: small;\">\u00a0en estado de gravedad en plena\u00a0<\/span><\/span><\/span><span style=\"color: #000000;\"><span style=\"font-family: Arial;\"><span style=\"font-size: small;\">v\u00eda<\/span><\/span><\/span><span style=\"color: #000000;\"><span style=\"font-family: Arial;\"><span style=\"font-size: small;\">\u00a0p<\/span><\/span><\/span><span style=\"color: #000000;\"><span style=\"font-family: Arial;\"><span style=\"font-size: small;\">\u00fa<\/span><\/span><\/span><span style=\"color: #000000;\"><span style=\"font-family: Arial;\"><span style=\"font-size: small;\">blica. Los trabajadores de salud, con quien \u00e9l incluso trabajaba como profesional, intentaron reanimarlo durante dos horas hasta que muri\u00f3.<\/span><\/span><\/span><\/p>\n<p align=\"left\"><span style=\"color: #000000;\"><span style=\"font-family: Arial;\"><span style=\"font-size: small;\">Este lunes 5 de julio, en varias ciudades del Estado espa\u00f1ol, organizaciones de la<\/span><\/span><\/span><span style=\"color: #000000;\"><span style=\"font-family: Arial;\"><span style=\"font-size: small;\">s<\/span><\/span><\/span><span style=\"color: #000000;\"><span style=\"font-family: Arial;\"><span style=\"font-size: small;\">\u00a0disidencias, activismo y principalmente la familia de Samuel, convocaron a masivas movilizaciones por el pedido de justicia. Las plazas se colmaron con carteles que denuncian la homof<\/span><\/span><\/span><span style=\"color: #000000;\"><span style=\"font-family: Arial;\"><span style=\"font-size: small;\">o<\/span><\/span><\/span><span style=\"color: #000000;\"><span style=\"font-family: Arial;\"><span style=\"font-size: small;\">bia, la discriminaci\u00f3n y los cr\u00edmenes de odio. Un nuevo asesinato en manada por razones de odio hacia las orientaciones sexuales se cobr\u00f3 la vida de Samuel.<\/span><\/span><\/span><\/p>\n<p align=\"left\"><span style=\"color: #000000;\"><span style=\"font-family: Arial;\"><span style=\"font-size: small;\">Tenemos la tarea urgente de organizarnos de forma independiente a los gobiernos, en todo el mundo, y coordinar internacionalmente la lucha para combatir los cr\u00edmenes de odio y la homolesbotransbif<\/span><\/span><\/span><span style=\"color: #000000;\"><span style=\"font-family: Arial;\"><span style=\"font-size: small;\">o<\/span><\/span><\/span><span style=\"color: #000000;\"><span style=\"font-family: Arial;\"><span style=\"font-size: small;\">bia. Responsabilizando a los gobiernos que responden a este sistema capitalista-imperialista y patriarcal, que nos oprime y explota.<\/span><\/span><\/span><\/p>\n<p align=\"left\"><span style=\"color: #000000;\"><span style=\"font-family: Arial;\"><span style=\"font-size: small;\">Desde la Unidad Internacional de Trabajadoras y Trabajadores &#8211; Cuarta Internacional exigimos #JusticiaPorSamuel, basta de cr\u00edmenes de odio alimentados por los discursos reaccionarios de la derecha como VOX, el sistema de justicia y las iglesias. Contra las dilaciones y pol\u00edticas insuficientes del gobierno del PSOE, que destina m\u00e1s presupuesto para salvar a las patronales, los bancos y la monarqu\u00eda, y no para eliminar la violencia machista contra las mujeres y las disidencias. \u00a1Justicia por Samuel!\u00a1Los gobiernos son responsables!<\/span><\/span><\/span><\/p>\n<p><a href=\"https:\/\/uit-ci.org\/index.php\/2021\/07\/06\/spanish-state-justice-for-samuel-muniz-a-young-person-killed-for-his-sexual-orientation-on-6-july-2021\/?lang=en\"><strong>Read in english<\/strong><\/a><\/p>\n","protected":false},"excerpt":{"rendered":"<p>Por Prensa UIT-CI A d\u00edas de haberse conmemorado 52 a\u00f1os de la\u00a0revuelta de Stonewall, protestas que marcaron el camino del movimiento\u00a0moderno\u00a0de las disidencias, asesinaron a Samuel Luiz Mu\u00f1iz en Galicia, Estado espa\u00f1ol, por su orientaci\u00f3n sexual. En la madrugada del s\u00e1bado 3 de julio, en el marco del levantamiento de las restricciones\u00a0impuestas por la pandemia, [&hellip;]<\/p>\n","protected":false},"author":2,"featured_media":6393,"comment_status":"closed","ping_status":"closed","sticky":false,"template":"","format":"standard","meta":[],"categories":[59,35],"tags":[186,187,380,113,459,462,193,458,463,460,461,219,457],"_links":{"self":[{"href":"https:\/\/uit-ci.org\/index.php\/wp-json\/wp\/v2\/posts\/6387"}],"collection":[{"href":"https:\/\/uit-ci.org\/index.php\/wp-json\/wp\/v2\/posts"}],"about":[{"href":"https:\/\/uit-ci.org\/index.php\/wp-json\/wp\/v2\/types\/post"}],"author":[{"embeddable":true,"href":"https:\/\/uit-ci.org\/index.php\/wp-json\/wp\/v2\/users\/2"}],"replies":[{"embeddable":true,"href":"https:\/\/uit-ci.org\/index.php\/wp-json\/wp\/v2\/comments?post=6387"}],"version-history":[{"count":4,"href":"https:\/\/uit-ci.org\/index.php\/wp-json\/wp\/v2\/posts\/6387\/revisions"}],"predecessor-version":[{"id":6417,"href":"https:\/\/uit-ci.org\/index.php\/wp-json\/wp\/v2\/posts\/6387\/revisions\/6417"}],"wp:featuredmedia":[{"embeddable":true,"href":"https:\/\/uit-ci.org\/index.php\/wp-json\/wp\/v2\/media\/6393"}],"wp:attachment":[{"href":"https:\/\/uit-ci.org\/index.php\/wp-json\/wp\/v2\/media?parent=6387"}],"wp:term":[{"taxonomy":"category","embeddable":true,"href":"https:\/\/uit-ci.org\/index.php\/wp-json\/wp\/v2\/categories?post=6387"},{"taxonomy":"post_tag","embeddable":true,"href":"https:\/\/uit-ci.org\/index.php\/wp-json\/wp\/v2\/tags?post=6387"}],"curies":[{"name":"wp","href":"https:\/\/api.w.org\/{rel}","templated":true}]}}