{"id":7179,"date":"2021-09-07T21:43:23","date_gmt":"2021-09-07T21:43:23","guid":{"rendered":"http:\/\/uit-ci.org\/?p=7179"},"modified":"2022-01-26T21:31:24","modified_gmt":"2022-01-26T21:31:24","slug":"brasil-acto-de-los-excluidos-el-7-de-setiembre-dia-de-la-independencia-en-rio-de-janeiro","status":"publish","type":"post","link":"https:\/\/uit-ci.org\/index.php\/2021\/09\/07\/brasil-acto-de-los-excluidos-el-7-de-setiembre-dia-de-la-independencia-en-rio-de-janeiro\/","title":{"rendered":"Brasil: Acto de los excluidos el 7 de setiembre por \u00a1Fuera Bolsonaro!"},"content":{"rendered":"<p>Por <strong>Prensa UIT<\/strong><\/p>\n<p>Compartimos los registros de lo que fueron las movilizaciones en Rio de Janeiro en el marco de las manifestaciones coordinadas del 7 de septiembre, en todo Brasil.<\/p>\n<div class=\"jeg_video_container jeg_video_content\"><iframe title=\"Columna de la CST el 7 de septiembre R\u00edo de Janeiro \/ RJ\" width=\"500\" height=\"281\" src=\"https:\/\/www.youtube.com\/embed\/Ef7zFvOu4Fg?feature=oembed\" frameborder=\"0\" allow=\"accelerometer; autoplay; clipboard-write; encrypted-media; gyroscope; picture-in-picture\" allowfullscreen><\/iframe><\/div>\n<p>Desde la CST, secci\u00f3n de Brasil de la Unidad Internacional de Trabajadoras y Trabajadores &#8211; Cuarta Internacional participaron en el marco de las movilizaciones en todo Brasil en contraposici\u00f3n de las movilizaciones convocadas por el gobierno reaccionario de Bolsonaro. La CST intervino con una gran columna de la militancia contra Mour\u00e3o, por Fuera Bolsonaro, contra la privatizaci\u00f3n del Correo y la reforma administrativa. Contra la reforma laboral, por el aumento y recomposici\u00f3n de los salarios, por la reducci\u00f3n del precio de alimentos, combustibles y boleto de transporte p\u00fablico. Por el no pago de la deuda externa y un impuesto a las grandes fortunas de los multimillonarios. Por un plan de vacunaci\u00f3n general y eliminaci\u00f3n de las patentes. Adem\u00e1s desde la CST, se busca avanzar en la construcci\u00f3n de un Frente Nacional de Izquierda y Socialista con el PSOL, UP, PCB y PSTU.<\/p>\n<p>&nbsp;<\/p>\n<p><img loading=\"lazy\" class=\" wp-image-7185 aligncenter\" src=\"http:\/\/uit-ci.org\/wp-content\/uploads\/2021\/09\/241509991_4605712996138404_1085950132381355789_n-300x228.jpg\" alt=\"\" width=\"447\" height=\"340\" srcset=\"https:\/\/uit-ci.org\/wp-content\/uploads\/2021\/09\/241509991_4605712996138404_1085950132381355789_n-300x228.jpg 300w, https:\/\/uit-ci.org\/wp-content\/uploads\/2021\/09\/241509991_4605712996138404_1085950132381355789_n-768x583.jpg 768w, https:\/\/uit-ci.org\/wp-content\/uploads\/2021\/09\/241509991_4605712996138404_1085950132381355789_n-600x456.jpg 600w, https:\/\/uit-ci.org\/wp-content\/uploads\/2021\/09\/241509991_4605712996138404_1085950132381355789_n-750x570.jpg 750w, https:\/\/uit-ci.org\/wp-content\/uploads\/2021\/09\/241509991_4605712996138404_1085950132381355789_n.jpg 960w\" sizes=\"(max-width: 447px) 100vw, 447px\" \/><\/p>\n<p><img loading=\"lazy\" class=\" wp-image-7190 aligncenter\" src=\"http:\/\/uit-ci.org\/wp-content\/uploads\/2021\/09\/241520614_4605713252805045_3205031487807753112_n-300x200.jpg\" alt=\"\" width=\"446\" height=\"298\" srcset=\"https:\/\/uit-ci.org\/wp-content\/uploads\/2021\/09\/241520614_4605713252805045_3205031487807753112_n-300x200.jpg 300w, https:\/\/uit-ci.org\/wp-content\/uploads\/2021\/09\/241520614_4605713252805045_3205031487807753112_n-768x512.jpg 768w, https:\/\/uit-ci.org\/wp-content\/uploads\/2021\/09\/241520614_4605713252805045_3205031487807753112_n-600x400.jpg 600w, https:\/\/uit-ci.org\/wp-content\/uploads\/2021\/09\/241520614_4605713252805045_3205031487807753112_n-750x500.jpg 750w, https:\/\/uit-ci.org\/wp-content\/uploads\/2021\/09\/241520614_4605713252805045_3205031487807753112_n.jpg 960w\" sizes=\"(max-width: 446px) 100vw, 446px\" \/><\/p>\n<p>&nbsp;<\/p>\n<p><a href=\"https:\/\/uit-ci.org\/index.php\/2021\/09\/10\/brazil-rally-of-the-excluded-on-7-september-for-out-with-bolsonaro\/?lang=en\">Read in english<\/a><\/p>\n","protected":false},"excerpt":{"rendered":"<p>Por Prensa UIT Compartimos los registros de lo que fueron las movilizaciones en Rio de Janeiro en el marco de las manifestaciones coordinadas del 7 de septiembre, en todo Brasil. Desde la CST, secci\u00f3n de Brasil de la Unidad Internacional de Trabajadoras y Trabajadores &#8211; Cuarta Internacional participaron en el marco de las movilizaciones en [&hellip;]<\/p>\n","protected":false},"author":2,"featured_media":7185,"comment_status":"closed","ping_status":"closed","sticky":false,"template":"","format":"standard","meta":[],"categories":[25,35],"tags":[604,304,494,608,605,606,362,607],"_links":{"self":[{"href":"https:\/\/uit-ci.org\/index.php\/wp-json\/wp\/v2\/posts\/7179"}],"collection":[{"href":"https:\/\/uit-ci.org\/index.php\/wp-json\/wp\/v2\/posts"}],"about":[{"href":"https:\/\/uit-ci.org\/index.php\/wp-json\/wp\/v2\/types\/post"}],"author":[{"embeddable":true,"href":"https:\/\/uit-ci.org\/index.php\/wp-json\/wp\/v2\/users\/2"}],"replies":[{"embeddable":true,"href":"https:\/\/uit-ci.org\/index.php\/wp-json\/wp\/v2\/comments?post=7179"}],"version-history":[{"count":4,"href":"https:\/\/uit-ci.org\/index.php\/wp-json\/wp\/v2\/posts\/7179\/revisions"}],"predecessor-version":[{"id":7210,"href":"https:\/\/uit-ci.org\/index.php\/wp-json\/wp\/v2\/posts\/7179\/revisions\/7210"}],"wp:featuredmedia":[{"embeddable":true,"href":"https:\/\/uit-ci.org\/index.php\/wp-json\/wp\/v2\/media\/7185"}],"wp:attachment":[{"href":"https:\/\/uit-ci.org\/index.php\/wp-json\/wp\/v2\/media?parent=7179"}],"wp:term":[{"taxonomy":"category","embeddable":true,"href":"https:\/\/uit-ci.org\/index.php\/wp-json\/wp\/v2\/categories?post=7179"},{"taxonomy":"post_tag","embeddable":true,"href":"https:\/\/uit-ci.org\/index.php\/wp-json\/wp\/v2\/tags?post=7179"}],"curies":[{"name":"wp","href":"https:\/\/api.w.org\/{rel}","templated":true}]}}