{"id":7291,"date":"2021-09-13T22:06:43","date_gmt":"2021-09-13T22:06:43","guid":{"rendered":"http:\/\/uit-ci.org\/?p=7291"},"modified":"2022-01-26T21:31:23","modified_gmt":"2022-01-26T21:31:23","slug":"turquia-regimen-oposicion-y-refugiados","status":"publish","type":"post","link":"https:\/\/uit-ci.org\/index.php\/2021\/09\/13\/turquia-regimen-oposicion-y-refugiados\/","title":{"rendered":"Turqu\u00eda: R\u00e9gimen, oposici\u00f3n y refugiados"},"content":{"rendered":"<p>Por <strong>Partido Democracia Obrera (IDP), secci\u00f3n de Turqu\u00eda de la UIT-CI<\/strong><\/p>\n<p>Las pol\u00edticas racistas, discriminatorias y agresivas hacia los refugiados se han ido fortaleciendo y generalizando en los \u00faltimos tiempos en Turqu\u00eda. El ataque racista contra sirios que tuvo lugar en el distrito de Alt\u0131nda\u011f de Ankara fue un ejemplo llamativo de esta situaci\u00f3n. En Alt\u0131nda\u011f, lo que ocurri\u00f3 no fue solo un linchamiento a los sirios; sus tiendas y casas tambi\u00e9n fueron saqueadas por los racistas. Lo peor es que la campa\u00f1a racista contra los refugiados afganos tambi\u00e9n ha ido ganando m\u00e1s terreno al pasar de los d\u00edas.<\/p>\n<p>Cabe se\u00f1alar que el principal responsable de esta hostilidad generalizada hacia los refugiados es el gobierno de Erdogan del Partido de la Justicia y el Desarrollo, AKP por sus siglas en turco, que ha aplicado una pol\u00edtica hip\u00f3crita e interesada sobre los refugiados. Ya hemos sido testigos de las pol\u00edticas y la actitud contra los sirios que emigraron a Turqu\u00eda huyendo de la opresi\u00f3n y la violencia de la dictadura de Assad, y de las organizaciones islamistas radicales en su pa\u00eds. Es muy probable que estas pol\u00edticas y actitud se reproduzcan ahora contra los afganos que huyen de Afganist\u00e1n, despu\u00e9s de que los islamistas radicales talibanes tomaran el control de Kabul.<\/p>\n<p>El objetivo de Erdogan y el gobierno del AKP es doble. En primer lugar, mientras el gobierno intenta crearse una imagen de \u00absupuesto defensor de los derechos humanos\u00bb con la apertura de sus fronteras y la admisi\u00f3n de refugiados en el pa\u00eds, se niega a conceder el estatus legal internacional existente de refugiado a los que han empezado a vivir en el pa\u00eds. En su lugar, sigue inventando nuevos estatus legales para los refugiados seg\u00fan sus propios intereses inmediatos. Una de las consecuencias m\u00e1s fundamentales de esto es que los refugiados que huyen de la guerra o del entorno de conflicto en su propio pa\u00eds acaban teniendo estatutos intermedios respecto al derecho internacional cuando llegan a Turqu\u00eda. De hecho, estos singulares estatutos intermedios permiten al gobierno alcanzar su objetivo principal: proporcionar una nueva fuente de trabajo para imponer nuevas condiciones laborales miserables en beneficio de la patronal. Al hacer esto, el gobierno del AKP y Erdogan avanza a\u00fan m\u00e1s en su objetivo de convertir a Turqu\u00eda en uno de los para\u00edsos de mano de obra barata del capitalismo mundial, por un lado, y trata de crear una divisi\u00f3n artificial entre los trabajadores de Turqu\u00eda a trav\u00e9s de provocaciones racistas, por el otro.<\/p>\n<p>En segundo lugar, el lado manipulador e interesado del gobierno, se revela en su intento de utilizar a los refugiados que han llegado al pa\u00eds como moneda de cambio frente a los pa\u00edses de la UE para asegurar la entrada de dinero al pa\u00eds. En este sentido, el impacto de las agresivas pol\u00edticas de inmigraci\u00f3n de los pa\u00edses de la UE que impiden que los refugiados lleguen a Europa crea una situaci\u00f3n de la que el gobierno podr\u00eda sacar beneficios para s\u00ed mismo.<\/p>\n<p>Mientras que estas pol\u00edticas del gobierno mencionadas anteriormente son los factores principales en el aumento de las actitudes racistas y agresivas hacia los refugiados, la oposici\u00f3n burguesa que explota la xenofobia con la esperanza de aumentar sus votos, juega un papel importante en el fortalecimiento de esta imagen discriminatoria en la sociedad turca. Tanto las \u00faltimas declaraciones del alcalde de Bolu del Partido Republicano del Pueblo, CHP por sus siglas en turco, que en el pasado estuvo en la mira por su ret\u00f3rica racista, como la declaraci\u00f3n de K\u0131l\u0131\u00e7daro\u011flu, dirigente del CHO, de que enviar\u00e1n a los sirios de vuelta a su hogar sin especificar c\u00f3mo exactamente, encajan en este marco.<\/p>\n<p>&nbsp;<\/p>\n<p>En un entorno as\u00ed, el principal factor del que debemos ser conscientes los trabajadores y los oprimidos es que el origen de nuestros problemas no son los refugiados que tuvieron que huir de las guerras y los reg\u00edmenes dictatoriales de sus pa\u00edses, sino el capitalismo y los gobiernos que lo sostienen. Los que nunca se han pronunciado contra las ocupaciones imperialistas, los reg\u00edmenes dictatoriales, los empresarios que ven en los inmigrantes una mano de obra barata. La UE que ha convertido a Turqu\u00eda en un guardi\u00e1n de fronteras, o las pol\u00edticas de inmigraci\u00f3n hip\u00f3critas y pragm\u00e1ticas del AKP y Erdogan, ahora prefieren alimentar la xenofobia apuntando a los refugiados. Las organizaciones de clase deber\u00edan alzar la voz contra la xenofobia; los sindicatos deber\u00edan desarrollar pol\u00edticas para incluir a los refugiados que forman parte de la clase trabajadora, y el movimiento socialista deber\u00eda oponerse al racismo y denunciar las hip\u00f3critas pol\u00edticas de refugiados de la UE, Erdogan y el AKP de forma m\u00e1s sistem\u00e1tica.<\/p>\n<p style=\"text-align: right;\"><strong>10 de septiembre 2021<\/strong><\/p>\n","protected":false},"excerpt":{"rendered":"<p>Por Partido Democracia Obrera (IDP), secci\u00f3n de Turqu\u00eda de la UIT-CI Las pol\u00edticas racistas, discriminatorias y agresivas hacia los refugiados se han ido fortaleciendo y generalizando en los \u00faltimos tiempos en Turqu\u00eda. El ataque racista contra sirios que tuvo lugar en el distrito de Alt\u0131nda\u011f de Ankara fue un ejemplo llamativo de esta situaci\u00f3n. En [&hellip;]<\/p>\n","protected":false},"author":2,"featured_media":7292,"comment_status":"closed","ping_status":"closed","sticky":false,"template":"","format":"standard","meta":[],"categories":[48],"tags":[568,624,225,620,98,623,93,188,621,97,622],"_links":{"self":[{"href":"https:\/\/uit-ci.org\/index.php\/wp-json\/wp\/v2\/posts\/7291"}],"collection":[{"href":"https:\/\/uit-ci.org\/index.php\/wp-json\/wp\/v2\/posts"}],"about":[{"href":"https:\/\/uit-ci.org\/index.php\/wp-json\/wp\/v2\/types\/post"}],"author":[{"embeddable":true,"href":"https:\/\/uit-ci.org\/index.php\/wp-json\/wp\/v2\/users\/2"}],"replies":[{"embeddable":true,"href":"https:\/\/uit-ci.org\/index.php\/wp-json\/wp\/v2\/comments?post=7291"}],"version-history":[{"count":1,"href":"https:\/\/uit-ci.org\/index.php\/wp-json\/wp\/v2\/posts\/7291\/revisions"}],"predecessor-version":[{"id":7297,"href":"https:\/\/uit-ci.org\/index.php\/wp-json\/wp\/v2\/posts\/7291\/revisions\/7297"}],"wp:featuredmedia":[{"embeddable":true,"href":"https:\/\/uit-ci.org\/index.php\/wp-json\/wp\/v2\/media\/7292"}],"wp:attachment":[{"href":"https:\/\/uit-ci.org\/index.php\/wp-json\/wp\/v2\/media?parent=7291"}],"wp:term":[{"taxonomy":"category","embeddable":true,"href":"https:\/\/uit-ci.org\/index.php\/wp-json\/wp\/v2\/categories?post=7291"},{"taxonomy":"post_tag","embeddable":true,"href":"https:\/\/uit-ci.org\/index.php\/wp-json\/wp\/v2\/tags?post=7291"}],"curies":[{"name":"wp","href":"https:\/\/api.w.org\/{rel}","templated":true}]}}