{"id":760,"date":"2012-04-20T16:31:38","date_gmt":"2012-04-20T16:31:38","guid":{"rendered":"http:\/\/uit-ci.org\/index.php\/2012\/04\/20\/la-protesta-bolivia\/"},"modified":"2012-04-20T16:31:38","modified_gmt":"2012-04-20T16:31:38","slug":"la-protesta-bolivia","status":"publish","type":"post","link":"https:\/\/uit-ci.org\/index.php\/2012\/04\/20\/la-protesta-bolivia\/","title":{"rendered":"La Protesta &#8211; Bolivia"},"content":{"rendered":"<h3><a href=\"https:\/\/sites.google.com\/site\/laprotestabolivia\/ultimo-numero-edicion-imprimible\" target=\"_blank\" rel=\"noopener\"><span id=\"sites-page-title\" dir=\"ltr\">laprotestabolivia@gmail.com<\/span><\/a><\/h3>\n<p>website:&nbsp;<a href=\"https:\/\/sites.google.com\/site\/laprotestabolivia\">https:\/\/sites.google.com\/site\/laprotestabolivia<\/a><\/p>\n<p>  <!--more-->  <\/p>\n<p><img loading=\"lazy\" class=\" alignleft size-full wp-image-754\" src=\"http:\/\/uit-ci.org\/wp-content\/uploads\/2012\/04\/laprotesta-oct-2013.jpg\" alt=\"Peri\u00f3dico La Protesta - Bolet\u00edn Especial a 10 a\u00f1os de la rebeli\u00f3n popular por el gas\" height=\"396\" width=\"305\" style=\"border: 2px solid #000000; margin-right: 5px; float: left;\" srcset=\"https:\/\/uit-ci.org\/wp-content\/uploads\/2012\/04\/laprotesta-oct-2013.jpg 305w, https:\/\/uit-ci.org\/wp-content\/uploads\/2012\/04\/laprotesta-oct-2013-231x300.jpg 231w\" sizes=\"(max-width: 305px) 100vw, 305px\" \/><\/p>\n<p><a href=\"http:\/\/uit-ci.org\/wp-content\/uploads\/2012\/04\/LaProtesta33.pdf\" target=\"_blank\" rel=\"noopener\"><img loading=\"lazy\" class=\" alignleft size-full wp-image-756\" src=\"http:\/\/uit-ci.org\/wp-content\/uploads\/2012\/04\/laprotesta33.jpg\" alt=\"Peri\u00f3dico La Protesta N\u00b033\" height=\"470\" width=\"305\" style=\"border: 2px solid #000000; margin-right: 5px; float: left;\" srcset=\"https:\/\/uit-ci.org\/wp-content\/uploads\/2012\/04\/laprotesta33.jpg 305w, https:\/\/uit-ci.org\/wp-content\/uploads\/2012\/04\/laprotesta33-195x300.jpg 195w\" sizes=\"(max-width: 305px) 100vw, 305px\" \/><\/a><\/p>\n<p><img loading=\"lazy\" class=\" alignleft size-full wp-image-757\" src=\"http:\/\/uit-ci.org\/wp-content\/uploads\/2012\/04\/LaProtesta32TAPA.jpg\" alt=\"Peri\u00f3dico La Protesta N\u00b031\" height=\"450\" width=\"305\" style=\"border: 2px solid #000000; margin-right: 5px; float: left;\" srcset=\"https:\/\/uit-ci.org\/wp-content\/uploads\/2012\/04\/LaProtesta32TAPA.jpg 305w, https:\/\/uit-ci.org\/wp-content\/uploads\/2012\/04\/LaProtesta32TAPA-203x300.jpg 203w\" sizes=\"(max-width: 305px) 100vw, 305px\" \/><\/p>\n<p>&nbsp;<\/p>\n<p><img loading=\"lazy\" class=\" alignleft size-full wp-image-758\" src=\"http:\/\/uit-ci.org\/wp-content\/uploads\/2012\/04\/laprotesta31.jpg\" alt=\"Peri\u00f3dico La Protesta N\u00b031\" height=\"480\" width=\"305\" style=\"border: 2px solid #000000; margin-right: 5px; float: left;\" srcset=\"https:\/\/uit-ci.org\/wp-content\/uploads\/2012\/04\/laprotesta31.jpg 305w, https:\/\/uit-ci.org\/wp-content\/uploads\/2012\/04\/laprotesta31-191x300.jpg 191w\" sizes=\"(max-width: 305px) 100vw, 305px\" \/><\/p>\n<p>&nbsp;<\/p>\n<p>&nbsp;<\/p>\n<p>&nbsp;<\/p>\n<p>&nbsp;<\/p>\n<p>&nbsp;<\/p>\n<p><img loading=\"lazy\" class=\" alignleft size-full wp-image-759\" src=\"http:\/\/uit-ci.org\/wp-content\/uploads\/2012\/04\/LaProtesta30.jpg\" alt=\"Peri\u00f3dico La Protesta N\u00b030\" height=\"470\" width=\"303\" style=\"border: 2px solid #000000; margin-right: 5px; float: left;\" srcset=\"https:\/\/uit-ci.org\/wp-content\/uploads\/2012\/04\/LaProtesta30.jpg 303w, https:\/\/uit-ci.org\/wp-content\/uploads\/2012\/04\/LaProtesta30-193x300.jpg 193w\" sizes=\"(max-width: 303px) 100vw, 303px\" \/><\/p>\n<p>&nbsp;<\/p>\n","protected":false},"excerpt":{"rendered":"<p>laprotestabolivia@gmail.com website:&nbsp;https:\/\/sites.google.com\/site\/laprotestabolivia<\/p>\n","protected":false},"author":1,"featured_media":754,"comment_status":"open","ping_status":"open","sticky":false,"template":"","format":"standard","meta":[],"categories":[43],"tags":[],"_links":{"self":[{"href":"https:\/\/uit-ci.org\/index.php\/wp-json\/wp\/v2\/posts\/760"}],"collection":[{"href":"https:\/\/uit-ci.org\/index.php\/wp-json\/wp\/v2\/posts"}],"about":[{"href":"https:\/\/uit-ci.org\/index.php\/wp-json\/wp\/v2\/types\/post"}],"author":[{"embeddable":true,"href":"https:\/\/uit-ci.org\/index.php\/wp-json\/wp\/v2\/users\/1"}],"replies":[{"embeddable":true,"href":"https:\/\/uit-ci.org\/index.php\/wp-json\/wp\/v2\/comments?post=760"}],"version-history":[{"count":0,"href":"https:\/\/uit-ci.org\/index.php\/wp-json\/wp\/v2\/posts\/760\/revisions"}],"wp:featuredmedia":[{"embeddable":true,"href":"https:\/\/uit-ci.org\/index.php\/wp-json\/wp\/v2\/media\/754"}],"wp:attachment":[{"href":"https:\/\/uit-ci.org\/index.php\/wp-json\/wp\/v2\/media?parent=760"}],"wp:term":[{"taxonomy":"category","embeddable":true,"href":"https:\/\/uit-ci.org\/index.php\/wp-json\/wp\/v2\/categories?post=760"},{"taxonomy":"post_tag","embeddable":true,"href":"https:\/\/uit-ci.org\/index.php\/wp-json\/wp\/v2\/tags?post=760"}],"curies":[{"name":"wp","href":"https:\/\/api.w.org\/{rel}","templated":true}]}}