{"id":7636,"date":"2021-10-02T23:39:59","date_gmt":"2021-10-02T23:39:59","guid":{"rendered":"http:\/\/uit-ci.org\/?p=7636"},"modified":"2022-01-26T21:31:21","modified_gmt":"2022-01-26T21:31:21","slug":"brasil-movilizacion-contra-la-reforma-administrativa-y-el-ajuste-de-bolsonaro","status":"publish","type":"post","link":"https:\/\/uit-ci.org\/index.php\/2021\/10\/02\/brasil-movilizacion-contra-la-reforma-administrativa-y-el-ajuste-de-bolsonaro\/","title":{"rendered":"Brasil: Movilizaci\u00f3n contra la reforma administrativa y por el Fuera Bolsonaro"},"content":{"rendered":"<p>Por <strong>Prensa UIT-CI<\/strong><\/p>\n<p>Hoy se llev\u00f3 a cabo la jornada nacional contra la reforma administrativa y el ajuste, por el Fuera Bolsonaro en todo Brasil. Contra el envalentonamiento de la derecha que apoya a Bolsonaro, las fuertes medidas de ajuste y reforma administrativa, las y los trabajadores coparon nuevamente las calles.<\/p>\n<p>La Corriente Socialista de los Trabajadores (CST), secci\u00f3n de Brasil de la UIT-CI, participaron con una gran columna en Rio de Janeiro y diferente ciudades. Denunciando la reforma administrativa, el ajuste y exigiendo el Fuera Bolsonaro. Adem\u00e1s, exigiendo a las centrales sindicales y el comit\u00e9 que dirige las movilizaciones, discuta la continuaci\u00f3n de las medidas, seguir en las calles hasta que caiga la reforma.<\/p>\n<p>A continuaci\u00f3n compartimos algunas im\u00e1genes de la columna de la CST en Rio de Janeiro:<\/p>\n<p><img loading=\"lazy\" class=\"alignnone wp-image-7637\" src=\"http:\/\/uit-ci.org\/wp-content\/uploads\/2021\/10\/WhatsApp-Image-2021-10-02-at-16.46.20-1-300x200.jpeg\" alt=\"\" width=\"336\" height=\"224\" srcset=\"https:\/\/uit-ci.org\/wp-content\/uploads\/2021\/10\/WhatsApp-Image-2021-10-02-at-16.46.20-1-300x200.jpeg 300w, https:\/\/uit-ci.org\/wp-content\/uploads\/2021\/10\/WhatsApp-Image-2021-10-02-at-16.46.20-1-1024x682.jpeg 1024w, https:\/\/uit-ci.org\/wp-content\/uploads\/2021\/10\/WhatsApp-Image-2021-10-02-at-16.46.20-1-768x512.jpeg 768w, https:\/\/uit-ci.org\/wp-content\/uploads\/2021\/10\/WhatsApp-Image-2021-10-02-at-16.46.20-1-600x400.jpeg 600w, https:\/\/uit-ci.org\/wp-content\/uploads\/2021\/10\/WhatsApp-Image-2021-10-02-at-16.46.20-1-750x500.jpeg 750w, https:\/\/uit-ci.org\/wp-content\/uploads\/2021\/10\/WhatsApp-Image-2021-10-02-at-16.46.20-1-1140x760.jpeg 1140w, https:\/\/uit-ci.org\/wp-content\/uploads\/2021\/10\/WhatsApp-Image-2021-10-02-at-16.46.20-1.jpeg 1280w\" sizes=\"(max-width: 336px) 100vw, 336px\" \/> <img loading=\"lazy\" class=\"alignnone wp-image-7642\" src=\"http:\/\/uit-ci.org\/wp-content\/uploads\/2021\/10\/WhatsApp-Image-2021-10-02-at-16.46.20-300x200.jpeg\" alt=\"\" width=\"336\" height=\"224\" srcset=\"https:\/\/uit-ci.org\/wp-content\/uploads\/2021\/10\/WhatsApp-Image-2021-10-02-at-16.46.20-300x200.jpeg 300w, https:\/\/uit-ci.org\/wp-content\/uploads\/2021\/10\/WhatsApp-Image-2021-10-02-at-16.46.20-1024x682.jpeg 1024w, https:\/\/uit-ci.org\/wp-content\/uploads\/2021\/10\/WhatsApp-Image-2021-10-02-at-16.46.20-768x512.jpeg 768w, https:\/\/uit-ci.org\/wp-content\/uploads\/2021\/10\/WhatsApp-Image-2021-10-02-at-16.46.20-600x400.jpeg 600w, https:\/\/uit-ci.org\/wp-content\/uploads\/2021\/10\/WhatsApp-Image-2021-10-02-at-16.46.20-750x500.jpeg 750w, https:\/\/uit-ci.org\/wp-content\/uploads\/2021\/10\/WhatsApp-Image-2021-10-02-at-16.46.20-1140x760.jpeg 1140w, https:\/\/uit-ci.org\/wp-content\/uploads\/2021\/10\/WhatsApp-Image-2021-10-02-at-16.46.20.jpeg 1280w\" sizes=\"(max-width: 336px) 100vw, 336px\" \/> <img loading=\"lazy\" class=\"alignnone wp-image-7647\" src=\"http:\/\/uit-ci.org\/wp-content\/uploads\/2021\/10\/WhatsApp-Image-2021-10-02-at-16.46.19-1-300x200.jpeg\" alt=\"\" width=\"338\" height=\"225\" srcset=\"https:\/\/uit-ci.org\/wp-content\/uploads\/2021\/10\/WhatsApp-Image-2021-10-02-at-16.46.19-1-300x200.jpeg 300w, https:\/\/uit-ci.org\/wp-content\/uploads\/2021\/10\/WhatsApp-Image-2021-10-02-at-16.46.19-1-1024x682.jpeg 1024w, https:\/\/uit-ci.org\/wp-content\/uploads\/2021\/10\/WhatsApp-Image-2021-10-02-at-16.46.19-1-768x512.jpeg 768w, https:\/\/uit-ci.org\/wp-content\/uploads\/2021\/10\/WhatsApp-Image-2021-10-02-at-16.46.19-1-600x400.jpeg 600w, https:\/\/uit-ci.org\/wp-content\/uploads\/2021\/10\/WhatsApp-Image-2021-10-02-at-16.46.19-1-750x500.jpeg 750w, https:\/\/uit-ci.org\/wp-content\/uploads\/2021\/10\/WhatsApp-Image-2021-10-02-at-16.46.19-1-1140x760.jpeg 1140w, https:\/\/uit-ci.org\/wp-content\/uploads\/2021\/10\/WhatsApp-Image-2021-10-02-at-16.46.19-1.jpeg 1280w\" sizes=\"(max-width: 338px) 100vw, 338px\" \/> <img loading=\"lazy\" class=\"alignnone wp-image-7652\" src=\"http:\/\/uit-ci.org\/wp-content\/uploads\/2021\/10\/WhatsApp-Image-2021-10-02-at-16.46.19-300x200.jpeg\" alt=\"\" width=\"336\" height=\"224\" srcset=\"https:\/\/uit-ci.org\/wp-content\/uploads\/2021\/10\/WhatsApp-Image-2021-10-02-at-16.46.19-300x200.jpeg 300w, https:\/\/uit-ci.org\/wp-content\/uploads\/2021\/10\/WhatsApp-Image-2021-10-02-at-16.46.19-1024x682.jpeg 1024w, https:\/\/uit-ci.org\/wp-content\/uploads\/2021\/10\/WhatsApp-Image-2021-10-02-at-16.46.19-768x512.jpeg 768w, https:\/\/uit-ci.org\/wp-content\/uploads\/2021\/10\/WhatsApp-Image-2021-10-02-at-16.46.19-600x400.jpeg 600w, https:\/\/uit-ci.org\/wp-content\/uploads\/2021\/10\/WhatsApp-Image-2021-10-02-at-16.46.19-750x500.jpeg 750w, https:\/\/uit-ci.org\/wp-content\/uploads\/2021\/10\/WhatsApp-Image-2021-10-02-at-16.46.19-1140x760.jpeg 1140w, https:\/\/uit-ci.org\/wp-content\/uploads\/2021\/10\/WhatsApp-Image-2021-10-02-at-16.46.19.jpeg 1280w\" sizes=\"(max-width: 336px) 100vw, 336px\" \/><\/p>\n","protected":false},"excerpt":{"rendered":"<p>Por Prensa UIT-CI Hoy se llev\u00f3 a cabo la jornada nacional contra la reforma administrativa y el ajuste, por el Fuera Bolsonaro en todo Brasil. Contra el envalentonamiento de la derecha que apoya a Bolsonaro, las fuertes medidas de ajuste y reforma administrativa, las y los trabajadores coparon nuevamente las calles. La Corriente Socialista de [&hellip;]<\/p>\n","protected":false},"author":2,"featured_media":7652,"comment_status":"closed","ping_status":"closed","sticky":false,"template":"","format":"standard","meta":[],"categories":[25],"tags":[302,304,494,271,149,240,502,209],"_links":{"self":[{"href":"https:\/\/uit-ci.org\/index.php\/wp-json\/wp\/v2\/posts\/7636"}],"collection":[{"href":"https:\/\/uit-ci.org\/index.php\/wp-json\/wp\/v2\/posts"}],"about":[{"href":"https:\/\/uit-ci.org\/index.php\/wp-json\/wp\/v2\/types\/post"}],"author":[{"embeddable":true,"href":"https:\/\/uit-ci.org\/index.php\/wp-json\/wp\/v2\/users\/2"}],"replies":[{"embeddable":true,"href":"https:\/\/uit-ci.org\/index.php\/wp-json\/wp\/v2\/comments?post=7636"}],"version-history":[{"count":2,"href":"https:\/\/uit-ci.org\/index.php\/wp-json\/wp\/v2\/posts\/7636\/revisions"}],"predecessor-version":[{"id":7663,"href":"https:\/\/uit-ci.org\/index.php\/wp-json\/wp\/v2\/posts\/7636\/revisions\/7663"}],"wp:featuredmedia":[{"embeddable":true,"href":"https:\/\/uit-ci.org\/index.php\/wp-json\/wp\/v2\/media\/7652"}],"wp:attachment":[{"href":"https:\/\/uit-ci.org\/index.php\/wp-json\/wp\/v2\/media?parent=7636"}],"wp:term":[{"taxonomy":"category","embeddable":true,"href":"https:\/\/uit-ci.org\/index.php\/wp-json\/wp\/v2\/categories?post=7636"},{"taxonomy":"post_tag","embeddable":true,"href":"https:\/\/uit-ci.org\/index.php\/wp-json\/wp\/v2\/tags?post=7636"}],"curies":[{"name":"wp","href":"https:\/\/api.w.org\/{rel}","templated":true}]}}