{"id":7892,"date":"2021-10-21T19:02:10","date_gmt":"2021-10-21T19:02:10","guid":{"rendered":"http:\/\/uit-ci.org\/?p=7892"},"modified":"2022-01-26T21:31:17","modified_gmt":"2022-01-26T21:31:17","slug":"panama-se-realizo-gran-marcha-obrera-y-popular-contra-ajuste-del-gobierno","status":"publish","type":"post","link":"https:\/\/uit-ci.org\/index.php\/2021\/10\/21\/panama-se-realizo-gran-marcha-obrera-y-popular-contra-ajuste-del-gobierno\/","title":{"rendered":"Panam\u00e1: Se realiz\u00f3 gran marcha obrera y popular contra ajuste del gobierno"},"content":{"rendered":"<p>Por <strong>Prensa Propuesta Socialista\u00a0<\/strong>(secci\u00f3n de la UIT-CI Panam\u00e1)<\/p>\n<p>21\/10\/2021 &#8211; El pasado 20 de octubre se realiz\u00f3 una gran marcha obrera y popular convocada por el Frente Nacional por la Defensa de los Derechos Econ\u00f3micos y Sociales (Frenadeso), la Confederaci\u00f3n Nacional de Unidad Sindical (Conusi) y el Sindicato Nacional de Trabajadores de la Construcci\u00f3n (Suntracs), la cual cont\u00f3 con la participaci\u00f3n de otros sectores sociales, entre los cuales se pueden mencionar diversas organizaciones que luchan contra la miner\u00eda, as\u00ed como otras que est\u00e1n por por una Constituyente originaria, sectores campesinos y representaciones de las provincias del pa\u00eds.<\/p>\n<p>La Asociaci\u00f3n de Empleados de la Caja del Seguro Social (Aecss) se hizo presente. Desde la Aecss consideramos que la unidad en la lucha es importante para detener el plan de hacernos pagar la crisis, en el marco de unas mesas de di\u00e1logo del gobierno con la oposici\u00f3n, en las que tambi\u00e9n participa la Caja del Seguro Social (CSS), y los diputados y diputadas de la \u00abcruzada civilista\u00bb, los mismos que pidieron la invasi\u00f3n imperialista para imponer la falsa democracia que hoy defienden.<\/p>\n<p>Para las trabajadoras y trabajadores no hay democracia con desempleo, con informalidad, con contratos suspendidos, que solo benefician, a los mismos que defienden la falsa democracia, en la que se incluyen diputadas como Corina Cano, que se opone a los derechos de las mujeres a decidir sobre su cuerpo, o diputados supuestamente independientes como Edison Broce, quien es parte de la pol\u00edtica empresarial y del FMI de despidos masivos a empleados p\u00fablicos, lo cual ha expresado abiertamente con respecto a los empleados administrativos de la Caja del Seguro Social.<\/p>\n","protected":false},"excerpt":{"rendered":"<p>Por Prensa Propuesta Socialista\u00a0(secci\u00f3n de la UIT-CI Panam\u00e1) 21\/10\/2021 &#8211; El pasado 20 de octubre se realiz\u00f3 una gran marcha obrera y popular convocada por el Frente Nacional por la Defensa de los Derechos Econ\u00f3micos y Sociales (Frenadeso), la Confederaci\u00f3n Nacional de Unidad Sindical (Conusi) y el Sindicato Nacional de Trabajadores de la Construcci\u00f3n (Suntracs), [&hellip;]<\/p>\n","protected":false},"author":2,"featured_media":7893,"comment_status":"closed","ping_status":"closed","sticky":false,"template":"","format":"standard","meta":[],"categories":[29],"tags":[727,728,729,90,730,732,332,731,105,638,209],"_links":{"self":[{"href":"https:\/\/uit-ci.org\/index.php\/wp-json\/wp\/v2\/posts\/7892"}],"collection":[{"href":"https:\/\/uit-ci.org\/index.php\/wp-json\/wp\/v2\/posts"}],"about":[{"href":"https:\/\/uit-ci.org\/index.php\/wp-json\/wp\/v2\/types\/post"}],"author":[{"embeddable":true,"href":"https:\/\/uit-ci.org\/index.php\/wp-json\/wp\/v2\/users\/2"}],"replies":[{"embeddable":true,"href":"https:\/\/uit-ci.org\/index.php\/wp-json\/wp\/v2\/comments?post=7892"}],"version-history":[{"count":6,"href":"https:\/\/uit-ci.org\/index.php\/wp-json\/wp\/v2\/posts\/7892\/revisions"}],"predecessor-version":[{"id":7920,"href":"https:\/\/uit-ci.org\/index.php\/wp-json\/wp\/v2\/posts\/7892\/revisions\/7920"}],"wp:featuredmedia":[{"embeddable":true,"href":"https:\/\/uit-ci.org\/index.php\/wp-json\/wp\/v2\/media\/7893"}],"wp:attachment":[{"href":"https:\/\/uit-ci.org\/index.php\/wp-json\/wp\/v2\/media?parent=7892"}],"wp:term":[{"taxonomy":"category","embeddable":true,"href":"https:\/\/uit-ci.org\/index.php\/wp-json\/wp\/v2\/categories?post=7892"},{"taxonomy":"post_tag","embeddable":true,"href":"https:\/\/uit-ci.org\/index.php\/wp-json\/wp\/v2\/tags?post=7892"}],"curies":[{"name":"wp","href":"https:\/\/api.w.org\/{rel}","templated":true}]}}