{"id":8,"date":"2012-04-19T02:30:48","date_gmt":"2012-04-19T02:30:48","guid":{"rendered":"http:\/\/uit-ci.org\/index.php\/2012\/04\/19\/se-fortalece-la-alianza-de-la-iglesia-con-los-castro\/"},"modified":"2012-04-19T02:30:48","modified_gmt":"2012-04-19T02:30:48","slug":"se-fortalece-la-alianza-de-la-iglesia-con-los-castro","status":"publish","type":"post","link":"https:\/\/uit-ci.org\/index.php\/2012\/04\/19\/se-fortalece-la-alianza-de-la-iglesia-con-los-castro\/","title":{"rendered":"Se fortalece la alianza de la Iglesia con los Castro"},"content":{"rendered":"<p><strong><span style=\"white-space: pre;\"> <\/span>Cuba y la visita del Papa <\/strong>&#8211; por Mercedes Petit<span style=\"white-space: pre;\"> <\/span><\/p>\n<p><img class=\" alignleft size-full wp-image-7\" src=\"http:\/\/uit-ci.org\/wp-content\/uploads\/2012\/04\/cuba-papa-castro-1.gif\" alt=\"El Papa y Ra\u00fal Castro. La Iglesia Cat\u00f3lica viene teniendo un creciente papel pol\u00edtico y social en la isla\" style=\"float: left; border-width: 0px; border-style: none; margin-right: 5px; margin-left: 0px;\" width=\"240\" srcset=\"https:\/\/uit-ci.org\/wp-content\/uploads\/2012\/04\/cuba-papa-castro-1.gif 550w, https:\/\/uit-ci.org\/wp-content\/uploads\/2012\/04\/cuba-papa-castro-1-300x200.gif 300w\" sizes=\"(max-width: 550px) 100vw, 550px\" \/><\/p>\n<p>Joseph Ratzinger, conocido por sus posiciones archireaccionarias, fue agasajado durante tres d\u00edas por el gobierno cubano. Se fortaleci\u00f3 la alianza entre la Iglesia Cat\u00f3lica y los hermanos Castro para consolidar el retorno al capitalismo y la falta de libertades.<\/p>\n<p>Desde M\u00e9xico, como para quedar bien \u201ccon Dios y con el Diablo\u201d, el Papa desliz\u00f3 que \u201cel comunismo no funciona\u201d.&nbsp; <!--more--> <\/p>\n<p>De ah\u00ed en m\u00e1s, todas fueron flores hacia el r\u00e9gimen castrista. Se neg\u00f3 a reunirse con las Damas de Blanco o cualquier otro disidente y su consigna fue \u201cCuba y el mundo tienen que cambiar\u201d. No despert\u00f3 el mismo entusiasmo que su antecesor, Juan Pablo II en 1998. En la misa la gente colm\u00f3 la Plaza de la Revoluci\u00f3n, pero sin fervor y mayormente llevada por presi\u00f3n del gobierno. Adem\u00e1s de las reuniones con Ra\u00fal, tuvo 30 minutos distendidos con Fidel. Obviamente, Ratzinger conden\u00f3 p\u00fablicamente el bloqueo contra Cuba por parte de Estados Unidos.<\/p>\n<p><strong><span style=\"white-space: pre;\"> <\/span>Ahora piden educaci\u00f3n religiosa<\/strong><\/p>\n<p><span style=\"white-space: pre;\"> <\/span>Desde la visita de Juan Pablo II se restableci\u00f3 el feriado de Navidad. Y ahora se sum\u00f3 el viernes Santo. Pero por los trascendidos el Papa pidi\u00f3 algo mucho m\u00e1s importante y concreto: que los curas puedan impartir ense\u00f1anza b\u00e1sica y universitaria. Este ser\u00eda un nuevo paso en el creciente papel pol\u00edtico y social que desde hace tiempo viene desempe\u00f1ando dentro de Cuba la Iglesia Cat\u00f3lica. El Episcopado tuvo un papel protag\u00f3nico hace dos a\u00f1os para negociar con el gobierno de Ra\u00fal Castro la liberaci\u00f3n de varias decenas de disidentes detenidos por razones pol\u00edticas. Y tanto como instituci\u00f3n como a trav\u00e9s de las numerosas p\u00e1ginas web y publicaciones que influencia, la Iglesia viene apoyando y alentando las reformas capitalistas del gobierno. El eterno doble discurso del cristianismo confluye con las mentiras del gobierno cubano sobre la \u201cactualizaci\u00f3n del socialismo\u201d, fortaleci\u00e9ndose mutuamente.<\/p>\n<p><span style=\"white-space: pre;\"> <\/span>Un art\u00edculo reciente de Juventud Rebelde (\u201cPatria y Fe\u201d, 17\/3\/2012) record\u00f3 que en el informe central del VI Congreso del a\u00f1o pasado, Ra\u00fal alent\u00f3 \u201cla unidad entre la doctrina y el pensamiento revolucionario con relaci\u00f3n a la fe y a los creyentes\u201d. Y oficialmente se viene impulsando la devoci\u00f3n hacia la Virgen de la Caridad del Cobre, la \u201cvirgen mambisa\u201d, en una campa\u00f1a encabezada por el poderoso \u201chistoriador de La Habana\u201d, Eusebio Leal.<\/p>\n<p><span style=\"white-space: pre;\"> <\/span>Ya se lo dijo en 1985 Fidel Castro a Frei Betto: \u201cCon la Iglesia Cat\u00f3lica tuvimos dificultades hace a\u00f1os, que fueron superadas, todos aquellos problemas que en un momento existieron, desaparecieron.\u201d (Fidel y la religi\u00f3n). Por eso, el editorial oficial de Granma que daba la bienvenida a Ratzinger destac\u00f3 \u201clas excelentes e ininterrumpidas relaciones entre la Santa Sede y Cuba\u201d.<\/p>\n<p><strong><span style=\"white-space: pre;\"> <\/span>La conferencia de Carlos Saladrigas<\/strong><\/p>\n<p><span style=\"white-space: pre;\"> <\/span>Entre los \u201cperegrinos\u201d que viajaron a ver al Papa estuvo Carlos Saladrigas, cubano exiliado desde ni\u00f1o en Miami. Este importante empresario encabeza el Vincam Group, estimada en 1998 como la m\u00e1s grande empresa hispana de los Estados Unidos. Seg\u00fan \u00e9l, tiempo atr\u00e1s e influenciado por sacerdotes cat\u00f3licos de Miami, abandon\u00f3 su cerrado anticastrismo. Al calor de los grandes cambios en curso en la isla en los \u00faltimos 20 a\u00f1os, viene impulsando el rechazo al bloqueo y que se abran las condiciones para que el empresariado cubano de \u201cla di\u00e1spora\u201d -exiliada en el exterior- pueda sumarse a las reformas capitalistas. El 30 de marzo hizo por primera vez una conferencia abierta en La Habana, en el Centro Cultural Padre F\u00e9lix Varela, convocada por la revista del episcopado Espacio Laical. Lo escucharon cerca de un centenar de personas tan diversas como el vicario de la Iglesia cat\u00f3lica y ensayista Carlos Manuel de C\u00e9spedes, el acad\u00e9mico del PC Esteban Morales, el conocido cr\u00edtico del bolet\u00edn Socialismo Democr\u00e1tico y Participativo, Pedro Campos, otros miembros del Partido Comunista, el economista opositor Oscar Espinosa Chepe, y la bloguera Yohanni S\u00e1nchez, entre otros.<\/p>\n<p><span style=\"white-space: pre;\"> <\/span>El eje de su exposici\u00f3n fue el llamado -al exilio en primer lugar- a dejar de lado la confrontaci\u00f3n con el gobierno castrista y a apoyar con recursos financieros y humanos al sector privado que viene creciendo por las reformas en curso. En abril del a\u00f1o pasado visit\u00f3 La Habana, y entrevistado por la revista cat\u00f3lica Palabra Nueva dijo con satisfacci\u00f3n que desde su Grupo de Estudios Cubanos hab\u00edan propuesto reformas hac\u00eda el cuentapropismo y la peque\u00f1a propiedad tales como las encaradas por Ra\u00fal Castro. Y reclamaba el accionar libre y legal del \u201ccapital cubano, criollo\u201d del exterior, que \u201cal igual que el capital extranjero, fluir\u00e1 hacia Cuba en grandes cantidades en busca de un r\u00e9dito competitivo\u201d (Palabra Nueva).<\/p>\n<p><span style=\"white-space: pre;\"> <\/span>El gobierno del PC cubano niega libertades pol\u00edticas y sindicales al pueblo, mientras sigue abriendo espacios a su socia en la restauraci\u00f3n capitalista, la Iglesia Cat\u00f3lica, qui\u00e9n trae de la mano a los ricos empresarios cubanos de Miami.<\/p>\n<p>&nbsp;<\/p>\n","protected":false},"excerpt":{"rendered":"<p>Cuba y la visita del Papa &#8211; por Mercedes Petit Joseph Ratzinger, conocido por sus posiciones archireaccionarias, fue agasajado durante tres d\u00edas por el gobierno cubano. Se fortaleci\u00f3 la alianza entre la Iglesia Cat\u00f3lica y los hermanos Castro para consolidar el retorno al capitalismo y la falta de libertades. Desde M\u00e9xico, como para quedar bien [&hellip;]<\/p>\n","protected":false},"author":1,"featured_media":7,"comment_status":"open","ping_status":"open","sticky":false,"template":"","format":"standard","meta":[],"categories":[20],"tags":[],"_links":{"self":[{"href":"https:\/\/uit-ci.org\/index.php\/wp-json\/wp\/v2\/posts\/8"}],"collection":[{"href":"https:\/\/uit-ci.org\/index.php\/wp-json\/wp\/v2\/posts"}],"about":[{"href":"https:\/\/uit-ci.org\/index.php\/wp-json\/wp\/v2\/types\/post"}],"author":[{"embeddable":true,"href":"https:\/\/uit-ci.org\/index.php\/wp-json\/wp\/v2\/users\/1"}],"replies":[{"embeddable":true,"href":"https:\/\/uit-ci.org\/index.php\/wp-json\/wp\/v2\/comments?post=8"}],"version-history":[{"count":0,"href":"https:\/\/uit-ci.org\/index.php\/wp-json\/wp\/v2\/posts\/8\/revisions"}],"wp:featuredmedia":[{"embeddable":true,"href":"https:\/\/uit-ci.org\/index.php\/wp-json\/wp\/v2\/media\/7"}],"wp:attachment":[{"href":"https:\/\/uit-ci.org\/index.php\/wp-json\/wp\/v2\/media?parent=8"}],"wp:term":[{"taxonomy":"category","embeddable":true,"href":"https:\/\/uit-ci.org\/index.php\/wp-json\/wp\/v2\/categories?post=8"},{"taxonomy":"post_tag","embeddable":true,"href":"https:\/\/uit-ci.org\/index.php\/wp-json\/wp\/v2\/tags?post=8"}],"curies":[{"name":"wp","href":"https:\/\/api.w.org\/{rel}","templated":true}]}}