{"id":8041,"date":"2021-11-02T13:50:15","date_gmt":"2021-11-02T13:50:15","guid":{"rendered":"http:\/\/uit-ci.org\/?p=8041"},"modified":"2022-01-26T21:31:16","modified_gmt":"2022-01-26T21:31:16","slug":"cuba-declaracion-de-colectivos-socialistas-ante-expulsion-del-profesor-david-alejandro-martinez-espinosa","status":"publish","type":"post","link":"https:\/\/uit-ci.org\/index.php\/2021\/11\/02\/cuba-declaracion-de-colectivos-socialistas-ante-expulsion-del-profesor-david-alejandro-martinez-espinosa\/","title":{"rendered":"Cuba: Declaraci\u00f3n de colectivos socialistas ante expulsi\u00f3n del profesor David Alejandro Mart\u00ednez Espinosa"},"content":{"rendered":"<div dir=\"ltr\">Por <strong>Prensa UIT<\/strong><\/div>\n<div><\/div>\n<div>\n<p>El 25 de octubre de 2021 se hizo p\u00fablica una declaraci\u00f3n dirigida fundamentalmente al presidente de la Rep\u00fablica de Cuba, a ra\u00edz de la expulsi\u00f3n del Ingeniero Qu\u00edmico David Alejandro Mart\u00ednez Espinosa, quien se desempe\u00f1aba como profesor en la Universidad de Ciencias M\u00e9dicas de Cienfuegos, luego de dictada la Resoluci\u00f3n 109 del 2021 por la Rectora de la mencionada instituci\u00f3n, quien formaliz\u00f3 la revocaci\u00f3n de su categor\u00eda docente debido a publicaciones en redes sociales en las que manifestaba \u201ccr\u00edticas contra el sistema pol\u00edtico y sus dirigentes\u201d, entre otras razones invocadas. El documento refleja una exclusi\u00f3n laboral por criterios de discriminaci\u00f3n pol\u00edtica, lo que atenta contra la libertad de c\u00e1tedra y manifiesta una flagrante violaci\u00f3n de sus derechos ciudadanos.<\/p>\n<p>La campa\u00f1a p\u00fablica apoyada por diversos grupos de izquierda est\u00e1 motivada por la pr\u00e1ctica sistem\u00e1tica de este tipo de actos por la institucionalidad de la ense\u00f1anza superior que, en ocasiones precedentes ha implementado medidas similares contra profesores y estudiantes cr\u00edticos de la realidad social, adscritos a las m\u00e1s diversas tendencias pol\u00edticas o formas de pensamiento, incluyendo aquellas posturas esgrimidas desde emplazamientos marxistas y\/o socialistas.<\/p>\n<p>La declaraci\u00f3n ha tenido el respaldo de numerosos actores y agrupaciones de la izquierda internacional entre los que se encuentran el Taller Libertario Alfredo L\u00f3pez (TLAL-Cuba), Marx21(Espa\u00f1a), Movimiento Socialista de los Trabajadores (Rep\u00fablica Dominicana), Partido Socialismo y Libertad (PSL-Venezuela), Izquierda Socialista (Argentina) y el Partido Socialista de los Trabajadores Unificado (PSTU-Brasil), junto a otros colectivos afiliados a la IV Internacional como la Liga Internacional de los Trabajadores (LIT-CI) y la Unidad Internacional de los Trabajadores (UIT-CI), quienes de manera conjunta reclamamos el respeto a la integridad de los derechos laborales.<\/p>\n<\/div>\n<div><\/div>\n<div>\n<p>Las organizaciones que suscriben la declaraci\u00f3n manifiestan su apego al concepto de Rosa Luxemburgo en el que esgrime que \u201cla libertad reservada solo a los partidarios del gobierno, solo a los miembros del partido \u2013por numerosos que ellos sean\u2013, no es libertad. La libertad es siempre, \u00fanicamente, libertad para quien piensa de modo distinto. No es por \u00abfanatismo\u00bb de justicia, sino porque todo lo que pueda haber de instructivo, saludable y purificador en la libertad pol\u00edtica depende de ella, y pierde toda eficacia cuando la libertad se vuelve un privilegio\u201d. Por ende, nos pronunciamos contra la expulsi\u00f3n del docente y hacemos un llamado a las autoridades al respeto de la libertad de expresi\u00f3n y la pluralidad de pensamiento pol\u00edtico que debe regir los fundamentos de un estado socialista de derecho. De igual forma, exigimos en momentos de extrema polarizaci\u00f3n, el cese de los discursos de odio tanto de los sectores anti-comunistas como de los neo-estalinistas.<\/p>\n<p>Los grupos que respaldan esta declaraci\u00f3n manifiestan su voluntad por el establecimiento de mayores garant\u00edas para el sector laboral en Cuba, de modo que permitan la conformaci\u00f3n de sindicatos aut\u00f3nomos no subordinados a los intereses estatales, el derecho no mediatizado a la libertad de manifestaci\u00f3n, el derecho estudiantil a la autonom\u00eda universitaria, el derecho a huelga por parte de los trabajadores, as\u00ed como la implementaci\u00f3n de una ley de asociaciones que ampare las numerosas formas de activismo que surgen del \u00e1mbito de la sociedad civil. De igual modo, exigimos el cese del criminal bloqueo econ\u00f3mico-comercial y financiero que impone el imperialismo estadounidense contra Cuba.<\/p>\n<p>Las corrientes de izquierda que suscribimos el presente documento, reafirmamos que solo mediante la socializaci\u00f3n justa y equitativa de los medios de producci\u00f3n en manos de la clase trabajadora, ser\u00e1 posible enfrentar las distintas manifestaciones de opresi\u00f3n que tienen lugar bajo un r\u00e9gimen socioecon\u00f3mico basado en relaciones de propiedad que engendra antagonismos de clases y legitima las diferencias sociales en los procesos de generaci\u00f3n de riquezas, de manera que contribuye a perpetuar las desigualdades en la distribuci\u00f3n y consumo de los bienes que se perciben como resultado del trabajo productivo. Ello implica la renuncia al modelo capitalista de estado ejercido por una oligarqu\u00eda burocr\u00e1tico-militar sustentada en la hegemon\u00eda pol\u00edtica que ostenta el PCC y el car\u00e1cter econ\u00f3mico monopolista del conglomerado empresarial GAESA.<\/p>\n<p>Por ende, resulta necesario potenciar mayores espacios de participaci\u00f3n en el seno de la sociedad, impulsar el sector cooperativo con mayores niveles de relevancia en la econom\u00eda, crear marcos jur\u00eddicos m\u00e1s apropiados para el ejercicio de los distintos actores econ\u00f3micos en los que predomine la propiedad social (no estatizada) sobre los medios de producci\u00f3n sin que ello implique la nacionalizaci\u00f3n de la peque\u00f1a propiedad privada, as\u00ed como el respeto a todas las formas de pensamiento y creaci\u00f3n art\u00edsticas, incentivando la democracia popular y movilizando las reservas del potencial humano en un modelo dedicado a la consagraci\u00f3n de la igualdad y la justicia social como establecen las propuestas emancipatorias del socialismo.<\/p>\n<p>1 de noviembre de 2021<\/p>\n<\/div>\n<p><a href=\"https:\/\/uit-ci.org\/index.php\/2021\/11\/05\/cuba-statement-by-socialist-collectives-on-the-expulsion-of-professor-david-alejandro-martinez-espinosa\/?lang=en\"><strong>Read in english<\/strong><\/a><\/p>\n","protected":false},"excerpt":{"rendered":"<p>Por Prensa UIT El 25 de octubre de 2021 se hizo p\u00fablica una declaraci\u00f3n dirigida fundamentalmente al presidente de la Rep\u00fablica de Cuba, a ra\u00edz de la expulsi\u00f3n del Ingeniero Qu\u00edmico David Alejandro Mart\u00ednez Espinosa, quien se desempe\u00f1aba como profesor en la Universidad de Ciencias M\u00e9dicas de Cienfuegos, luego de dictada la Resoluci\u00f3n 109 del [&hellip;]<\/p>\n","protected":false},"author":2,"featured_media":8042,"comment_status":"closed","ping_status":"closed","sticky":false,"template":"","format":"standard","meta":[],"categories":[20],"tags":[752,295,479,750,761,733,762,753,763,751],"_links":{"self":[{"href":"https:\/\/uit-ci.org\/index.php\/wp-json\/wp\/v2\/posts\/8041"}],"collection":[{"href":"https:\/\/uit-ci.org\/index.php\/wp-json\/wp\/v2\/posts"}],"about":[{"href":"https:\/\/uit-ci.org\/index.php\/wp-json\/wp\/v2\/types\/post"}],"author":[{"embeddable":true,"href":"https:\/\/uit-ci.org\/index.php\/wp-json\/wp\/v2\/users\/2"}],"replies":[{"embeddable":true,"href":"https:\/\/uit-ci.org\/index.php\/wp-json\/wp\/v2\/comments?post=8041"}],"version-history":[{"count":4,"href":"https:\/\/uit-ci.org\/index.php\/wp-json\/wp\/v2\/posts\/8041\/revisions"}],"predecessor-version":[{"id":8080,"href":"https:\/\/uit-ci.org\/index.php\/wp-json\/wp\/v2\/posts\/8041\/revisions\/8080"}],"wp:featuredmedia":[{"embeddable":true,"href":"https:\/\/uit-ci.org\/index.php\/wp-json\/wp\/v2\/media\/8042"}],"wp:attachment":[{"href":"https:\/\/uit-ci.org\/index.php\/wp-json\/wp\/v2\/media?parent=8041"}],"wp:term":[{"taxonomy":"category","embeddable":true,"href":"https:\/\/uit-ci.org\/index.php\/wp-json\/wp\/v2\/categories?post=8041"},{"taxonomy":"post_tag","embeddable":true,"href":"https:\/\/uit-ci.org\/index.php\/wp-json\/wp\/v2\/tags?post=8041"}],"curies":[{"name":"wp","href":"https:\/\/api.w.org\/{rel}","templated":true}]}}