{"id":8104,"date":"2021-11-08T19:39:15","date_gmt":"2021-11-08T19:39:15","guid":{"rendered":"http:\/\/uit-ci.org\/?p=8104"},"modified":"2022-01-26T21:31:16","modified_gmt":"2022-01-26T21:31:16","slug":"organizaciones-obreras-y-populares-rechazaron-las-medidas-racistas-y-xenofobas-de-abinader","status":"publish","type":"post","link":"https:\/\/uit-ci.org\/index.php\/2021\/11\/08\/organizaciones-obreras-y-populares-rechazaron-las-medidas-racistas-y-xenofobas-de-abinader\/","title":{"rendered":"Rep\u00fablica Dominicana: Organizaciones obreras y populares rechazaron las medidas racistas y xen\u00f3fobas de Abinader"},"content":{"rendered":"<p>Por <strong>La Voz de los Trabajadores<\/strong>, prensa del MST de Rep\u00fablica Dominicana<\/p>\n<p>La Polic\u00eda Nacional intercept\u00f3 arbitrariamente este lunes 8 de noviembre una movilizaci\u00f3n de m\u00e1s de 300 trabajadores ca\u00f1eros que se preparaban para salir de la Av. Ovando con G\u00f3mez hacia el Palacio Nacional, en defensa de los derechos humanos y contra la imposici\u00f3n de pol\u00edticas discriminatorias, xen\u00f3fobas y racistas por parte del gobierno de Abinader. Las organizaciones convocantes, la Uni\u00f3n de Trabajadores Ca\u00f1eros, HaitianosRD y el Movimiento Socialista de Trabajadoras y Trabajadores, rechazaron esta violaci\u00f3n al derecho democr\u00e1tico a la protesta social.<\/p>\n<p>En una rueda de prensa realizada en el lugar de la intercepci\u00f3n policial, representantes de las organizaciones rechazaron las medidas gubernamentales contra la comunidad inmigrante, calific\u00e1ndolas de discriminatorias y violatorias de los derechos humanos. Alertaron que las medidas apuntan a la configuraci\u00f3n de un r\u00e9gimen de discriminaci\u00f3n racial parecido al apartheid. Consideran que Abinader pretende desviar la atenci\u00f3n del esc\u00e1ndalo de los Pandora Papers, los se\u00f1alamientos de corrupci\u00f3n contra el ministro Macarrulla, el aumento del costo de los alimentos y los combustibles, la reducci\u00f3n del presupuesto de salud, el aumento de la tarifa el\u00e9ctrica, el contenido antidemocr\u00e1tico del proyecto de C\u00f3digo Penal, entre otras pol\u00edticas que generan un gran rechazo en el pueblo dominicano.<\/p>\n<p>Rechazaron que se empleen discursos de corte balaguerista y neotrujillista para estigmatizar a la laboriosa comunidad inmigrante cuyo esfuerzo aporta al desarrollo nacional pese a sufrir con frecuencia la violaci\u00f3n de sus derechos laborales y percibir salarios de miseria. La persecuci\u00f3n contra los trabajadores inmigrantes solo aumentar\u00e1n la corrupci\u00f3n y la violaci\u00f3n de los derechos de los trabajadores inmigrantes. En vez de negar atenci\u00f3n m\u00e9dica y perseguir a trabajadores, el gobierno deber\u00eda realizar un verdadero plan de regularizaci\u00f3n que permita a miles de personas que tienen d\u00e9cadas trabajando y viviendo en el pa\u00eds contar con residencia legal. En el caso de los ca\u00f1eros, se exige residencia permanente de 10 a\u00f1os.<\/p>\n<p>Explicaron que el gobierno miente cuando acusa a las mujeres inmigrantes de consumir el 40% del presupuesto de salud, ya que estas representan menos del 10% de las personas atendidas en los hospitales. Es el propio gobierno el que promueve un recorte presupuestario del 16% en 2022 para la salud. Abinader tambi\u00e9n miente cuando asegura que la suspensi\u00f3n del visado para estudiantes haitianos es para proteger al pa\u00eds de las bandas armadas del vecino pa\u00eds, bandas que no operan en nuestro pa\u00eds ni existen evidencias de su infiltraci\u00f3n en las universidades dominicanas.<\/p>\n<p>Agregaron que denegar atenci\u00f3n m\u00e9dica a personas inmigrantes sin residencia legal viola los derechos humanos y puede asimismo afectar a miles de personas dominicanas de ascendencia haitiana que fueron despojadas de su nacionalidad con la sentencia 168-13, que pese a ser dominicanas son discriminadas por el gobierno y tratadas como inmigrantes carentes de visa.<\/p>\n<p>Llaman a toda la sociedad dominicana a alzar su voz contra las medidas discriminatorias de Abinader, as\u00ed como en defensa de todos los derechos sociales que viene atacando este gobierno.<\/p>\n","protected":false},"excerpt":{"rendered":"<p>Por La Voz de los Trabajadores, prensa del MST de Rep\u00fablica Dominicana La Polic\u00eda Nacional intercept\u00f3 arbitrariamente este lunes 8 de noviembre una movilizaci\u00f3n de m\u00e1s de 300 trabajadores ca\u00f1eros que se preparaban para salir de la Av. Ovando con G\u00f3mez hacia el Palacio Nacional, en defensa de los derechos humanos y contra la imposici\u00f3n [&hellip;]<\/p>\n","protected":false},"author":2,"featured_media":8105,"comment_status":"closed","ping_status":"closed","sticky":false,"template":"","format":"standard","meta":[],"categories":[69],"tags":[173,785,786,787,788,789,219,188,180,790],"_links":{"self":[{"href":"https:\/\/uit-ci.org\/index.php\/wp-json\/wp\/v2\/posts\/8104"}],"collection":[{"href":"https:\/\/uit-ci.org\/index.php\/wp-json\/wp\/v2\/posts"}],"about":[{"href":"https:\/\/uit-ci.org\/index.php\/wp-json\/wp\/v2\/types\/post"}],"author":[{"embeddable":true,"href":"https:\/\/uit-ci.org\/index.php\/wp-json\/wp\/v2\/users\/2"}],"replies":[{"embeddable":true,"href":"https:\/\/uit-ci.org\/index.php\/wp-json\/wp\/v2\/comments?post=8104"}],"version-history":[{"count":3,"href":"https:\/\/uit-ci.org\/index.php\/wp-json\/wp\/v2\/posts\/8104\/revisions"}],"predecessor-version":[{"id":8112,"href":"https:\/\/uit-ci.org\/index.php\/wp-json\/wp\/v2\/posts\/8104\/revisions\/8112"}],"wp:featuredmedia":[{"embeddable":true,"href":"https:\/\/uit-ci.org\/index.php\/wp-json\/wp\/v2\/media\/8105"}],"wp:attachment":[{"href":"https:\/\/uit-ci.org\/index.php\/wp-json\/wp\/v2\/media?parent=8104"}],"wp:term":[{"taxonomy":"category","embeddable":true,"href":"https:\/\/uit-ci.org\/index.php\/wp-json\/wp\/v2\/categories?post=8104"},{"taxonomy":"post_tag","embeddable":true,"href":"https:\/\/uit-ci.org\/index.php\/wp-json\/wp\/v2\/tags?post=8104"}],"curies":[{"name":"wp","href":"https:\/\/api.w.org\/{rel}","templated":true}]}}