{"id":8606,"date":"2021-12-14T18:52:34","date_gmt":"2021-12-14T18:52:34","guid":{"rendered":"http:\/\/uit-ci.org\/?p=8606"},"modified":"2022-01-26T21:31:11","modified_gmt":"2022-01-26T21:31:11","slug":"argentina-gran-movilizacion-contra-el-fmi","status":"publish","type":"post","link":"https:\/\/uit-ci.org\/index.php\/2021\/12\/14\/argentina-gran-movilizacion-contra-el-fmi\/","title":{"rendered":"Argentina: Gran movilizaci\u00f3n contra el FMI"},"content":{"rendered":"<p>Por Prensa UIT-CI<\/p>\n<p>Compartimos declaraciones de los dirigentes de Izquierda Socialista en el Frente de Izquierda Unidad, durante se desarrollaba la gran movilizaci\u00f3n contra el Fondo Monetario Internacional el pasado s\u00e1bado 11 de diciembre, hacia Plaza de Mayo.<\/p>\n<p>La convocatoria fue impulsada por el Frente de Izquierda Unidad junto a m\u00e1s de 100 organizaciones sindicales, sociales, ambientales y pol\u00edticas, destac\u00e1ndose los ferroviarios del Sarmiento encabezados por el \u201cPollo\u201d Sobrero, los docentes combativos y todas las flamantes bancas logradas por el FIT Unidad en el Congreso, las legislaturas y concejos deliberantes.<\/p>\n<p>\u201cLa verdadera plaza contra el Fondo Monetario es \u00e9sta no la del peronismo de ayer donde Alberto y Cristina se ha declarado pagadores seriales de la deuda usurera contra\u00edda por Macri. Se preparan para m\u00e1s ajuste, saqueo y dependencia y desde la izquierda para oponernos categ\u00f3ricamente\u201d, se\u00f1al\u00f3 el\u00a0<strong>diputado Juan Carlos Giordano de Izquierda Socialista<\/strong>, quien encabez\u00f3 la marcha junto a los referentes del FIT.<\/p>\n<p><strong>M\u00f3nica Schlotthauer (delegada ferroviaria y diputada electa Izquierda Socialista\/FIT Unidad)<\/strong>, quien tambi\u00e9n fue parte de la cabecera de la marcha, agreg\u00f3: \u201cEn las calles y en el Congreso volvemos a decir con fuerza \u00a1Fuera el FMI! El \u00fanico proyecto en el Congreso que plantea la ruptura con el Fondo Monetario y el no pago de la deuda es el que presentamos desde Izquierda Socialista y el Frente de Izquierda Unidad.\u201d<\/p>\n","protected":false},"excerpt":{"rendered":"<p>Por Prensa UIT-CI Compartimos declaraciones de los dirigentes de Izquierda Socialista en el Frente de Izquierda Unidad, durante se desarrollaba la gran movilizaci\u00f3n contra el Fondo Monetario Internacional el pasado s\u00e1bado 11 de diciembre, hacia Plaza de Mayo. La convocatoria fue impulsada por el Frente de Izquierda Unidad junto a m\u00e1s de 100 organizaciones sindicales, [&hellip;]<\/p>\n","protected":false},"author":2,"featured_media":8643,"comment_status":"closed","ping_status":"closed","sticky":false,"template":"","format":"standard","meta":[],"categories":[23],"tags":[834,119,655,332,857,486,93,485,129],"_links":{"self":[{"href":"https:\/\/uit-ci.org\/index.php\/wp-json\/wp\/v2\/posts\/8606"}],"collection":[{"href":"https:\/\/uit-ci.org\/index.php\/wp-json\/wp\/v2\/posts"}],"about":[{"href":"https:\/\/uit-ci.org\/index.php\/wp-json\/wp\/v2\/types\/post"}],"author":[{"embeddable":true,"href":"https:\/\/uit-ci.org\/index.php\/wp-json\/wp\/v2\/users\/2"}],"replies":[{"embeddable":true,"href":"https:\/\/uit-ci.org\/index.php\/wp-json\/wp\/v2\/comments?post=8606"}],"version-history":[{"count":2,"href":"https:\/\/uit-ci.org\/index.php\/wp-json\/wp\/v2\/posts\/8606\/revisions"}],"predecessor-version":[{"id":8613,"href":"https:\/\/uit-ci.org\/index.php\/wp-json\/wp\/v2\/posts\/8606\/revisions\/8613"}],"wp:featuredmedia":[{"embeddable":true,"href":"https:\/\/uit-ci.org\/index.php\/wp-json\/wp\/v2\/media\/8643"}],"wp:attachment":[{"href":"https:\/\/uit-ci.org\/index.php\/wp-json\/wp\/v2\/media?parent=8606"}],"wp:term":[{"taxonomy":"category","embeddable":true,"href":"https:\/\/uit-ci.org\/index.php\/wp-json\/wp\/v2\/categories?post=8606"},{"taxonomy":"post_tag","embeddable":true,"href":"https:\/\/uit-ci.org\/index.php\/wp-json\/wp\/v2\/tags?post=8606"}],"curies":[{"name":"wp","href":"https:\/\/api.w.org\/{rel}","templated":true}]}}