{"id":889,"date":"2014-07-08T15:24:24","date_gmt":"2014-07-08T15:24:24","guid":{"rendered":"http:\/\/uit-ci.org\/index.php\/2014\/07\/08\/cien-anos-de-la-gran-guerra\/"},"modified":"2014-07-08T15:24:24","modified_gmt":"2014-07-08T15:24:24","slug":"cien-anos-de-la-gran-guerra","status":"publish","type":"post","link":"https:\/\/uit-ci.org\/index.php\/2014\/07\/08\/cien-anos-de-la-gran-guerra\/","title":{"rendered":"Cien a\u00f1os de la Gran Guerra"},"content":{"rendered":"<p><strong><img loading=\"lazy\" class=\" alignleft size-full wp-image-886\" style=\"margin-right: 5px; float: left;\" src=\"http:\/\/uit-ci.org\/wp-content\/uploads\/2014\/07\/cien-anos-guerra-mundial.jpg\" alt=\"Se cumplen 100 a\u00f1os del inicio de la I Guerra Mundial: la expresi\u00f3n de un capitalismo que para seguir existiendo precisaba de la destruci\u00f3n y la muerte de millones. Lenin afirmar\u00eda que con ella se entraba en su fase decadente, el imperialismo.\" width=\"240\" height=\"148\" srcset=\"https:\/\/uit-ci.org\/wp-content\/uploads\/2014\/07\/cien-anos-guerra-mundial.jpg 600w, https:\/\/uit-ci.org\/wp-content\/uploads\/2014\/07\/cien-anos-guerra-mundial-300x185.jpg 300w\" sizes=\"(max-width: 240px) 100vw, 240px\" \/><em>Suplemento Especial de Lucha Internacionalista del Estado Espa\u00f1ol<\/em><\/strong><\/p>\n<p><strong>Presentaci\u00f3n<\/strong><\/p>\n<p>Se cumplen 100 a\u00f1os del inicio de la I Guerra Mundial: la expresi\u00f3n de un capitalismo que para seguir existiendo precisaba de la destruci\u00f3n y la muerte de millones. Lenin afirmar\u00eda que con ella se entraba en su fase decadente, el imperialismo.<a href=\"http:\/\/uit-ci.org\/wp-content\/uploads\/2014\/07\/LI-100-anos-Primera-Guerra.pdf\" target=\"_blank\" rel=\"noopener\"><img loading=\"lazy\" class=\" alignright size-full wp-image-888\" style=\"margin-left: 5px; float: right;\" src=\"http:\/\/uit-ci.org\/wp-content\/uploads\/2014\/07\/bajar-pdf-suplemento-li.jpg\" alt=\"Descargar versi\u00f3n impresa\" width=\"200\" height=\"282\" \/><\/a><\/p>\n<p>Esa misma situaci\u00f3n fue important\u00edsima para el movimiento obrero. De un lado, porque la socialdemocracia, empezando por la alemana, se alineaban con su burgues\u00eda y votaban los cr\u00e9ditos de guerra en cada pa\u00eds, sentenciando as\u00ed su fin como internacional revolucionaria. Los grupos socialistas revolucionarios rompieron con la Internacional Socialista en la Conferencia de Zimmerwald en septiembre de 1915 y la Conferencia de Kienthal en abril de 1916, (ambas en Suiza). El debate entre ellos era si la posici\u00f3n ante la guerra era defender el desarme o convertir la guerra en revoluci\u00f3n, como preconizaba Lenin.<\/p>\n<p>  <!--more-->  <\/p>\n<p>De otro lado, como hab\u00eda analizado Lenin, la guerra iba a ser el escenario de un alza del movimiento obrero que no cesar\u00eda hasta la guerra ruso-polaca de 1920-21. En su transcurso, la clase obrera hab\u00eda realizado campa\u00f1as generales, por vez primera en la historia, en todos los pa\u00edses del continente europeo. La Revoluci\u00f3n de Octubre en Rusia hab\u00eda abierto ese per\u00edodo y su triunfo hab\u00eda servido de catalizador. En enero de 1918 saltaban a la huelga los obreros alemanes y austr\u00edacos en 1918, pero su acci\u00f3n espont\u00e1nea se extingui\u00f3 pronto, cuando a nivel organizativo en Alemania, s\u00f3lo se apoyaba en un peque\u00f1o c\u00edrculo de obreros cualificados: los Jefes Revolucionarios de Berl\u00edn. La socialdemocracia mayoritaria s\u00f3lo hab\u00eda entrado en Berl\u00edn en la direcci\u00f3n de la huelga con el fin de hacerla concluir. Los tres grupos ilegales del ala izquierda de la socialdemocracia alemana eran demasiado d\u00e9biles para poder influir sobre las masas. Tampoco en Austria hallaron los obreros huelguistas ning\u00fan apoyo en las grandes organizaciones, como tampoco lo recibi\u00f3 en Gran Breta\u00f1a el movimiento espont\u00e1neo de los Shop-Steward, o las huelgas francesas, particularmente la general nacida en Lyon.<\/p>\n<p>En Alemania, en enero 1919, la rebeli\u00f3n de la escuadra de alta mar y el triunfo de los obreros de Munich con Kurt Eisner condujo al levantamiento de los trabajadores berlineses, que fueron secundados por la guarnici\u00f3n. La mayoritaria socialdemocracia y los sindicatos tuvieron que adaptarse, aunque no de buen grado, a la proclamaci\u00f3n de la Rep\u00fablica Socialista. Pero ese mismo enero Rosa Luxemburg y Karl Liebknecht, eran asesinados, Le\u00f3n Jogiches lo era en marzo, y la socialdemocracia, que en nombre de la democracia hab\u00eda dado cobertura a la recomposici\u00f3n de sectores del antiguo r\u00e9gimen y a los trusts, ahora era tambi\u00e9n v\u00edctima del terror. Se suced\u00edan las huelgas generales, seguidas de expediciones represivas del ej\u00e9rcito. En mayo ca\u00eda tambi\u00e9n la Rep\u00fablica de Consejos de Munich.<\/p>\n<p>En Hungr\u00eda se hab\u00eda constituido una Rep\u00fablica de Consejos en la primavera de 1919, bajo la direcci\u00f3n de la socialdemocracia y de j\u00f3venes intelectuales comunistas, que fue aplastada por el ej\u00e9rcito rumano con el apoyo de la Entente.<\/p>\n<p>Por sus resultados, el movimiento obrero revolucionario hab\u00eda sido aplastado en todos los pa\u00edses fuera del antiguo imperio zarista. En los pa\u00edses<\/p>\n<p>altamente industrializados del centro y occidente europeo, la estructura capitalista de la sociedad se afianzaba con una p\u00e1tina democr\u00e1tica y dando<\/p>\n<p>concesiones sociales \u2013jornada de ocho horas&#8230;-; en los triunfadores, el ambiente de victoria llevaba a la derecha para llegar al poder; en los pa\u00edses<\/p>\n<p>escandinavos la socialdemocracia entraba a gestionar por largo tiempo el estado capitalista, y en Italia se gestaba el ascenso de Mussolini.<\/p>\n<p>Paralelamente, en marzo de 1919, y dando continuidad a la Conferencia de Zimmerwald, se constitu\u00eda la III Internacional, porque al valor y constancia de las luchas obreras, les segu\u00eda faltando una direcci\u00f3n revolucionaria para llegar a concretar su revoluci\u00f3n internacionalista.<\/p>\n","protected":false},"excerpt":{"rendered":"<p>Suplemento Especial de Lucha Internacionalista del Estado Espa\u00f1ol Presentaci\u00f3n Se cumplen 100 a\u00f1os del inicio de la I Guerra Mundial: la expresi\u00f3n de un capitalismo que para seguir existiendo precisaba de la destruci\u00f3n y la muerte de millones. Lenin afirmar\u00eda que con ella se entraba en su fase decadente, el imperialismo. Esa misma situaci\u00f3n fue [&hellip;]<\/p>\n","protected":false},"author":1,"featured_media":886,"comment_status":"open","ping_status":"open","sticky":false,"template":"","format":"standard","meta":[],"categories":[34],"tags":[],"_links":{"self":[{"href":"https:\/\/uit-ci.org\/index.php\/wp-json\/wp\/v2\/posts\/889"}],"collection":[{"href":"https:\/\/uit-ci.org\/index.php\/wp-json\/wp\/v2\/posts"}],"about":[{"href":"https:\/\/uit-ci.org\/index.php\/wp-json\/wp\/v2\/types\/post"}],"author":[{"embeddable":true,"href":"https:\/\/uit-ci.org\/index.php\/wp-json\/wp\/v2\/users\/1"}],"replies":[{"embeddable":true,"href":"https:\/\/uit-ci.org\/index.php\/wp-json\/wp\/v2\/comments?post=889"}],"version-history":[{"count":0,"href":"https:\/\/uit-ci.org\/index.php\/wp-json\/wp\/v2\/posts\/889\/revisions"}],"wp:featuredmedia":[{"embeddable":true,"href":"https:\/\/uit-ci.org\/index.php\/wp-json\/wp\/v2\/media\/886"}],"wp:attachment":[{"href":"https:\/\/uit-ci.org\/index.php\/wp-json\/wp\/v2\/media?parent=889"}],"wp:term":[{"taxonomy":"category","embeddable":true,"href":"https:\/\/uit-ci.org\/index.php\/wp-json\/wp\/v2\/categories?post=889"},{"taxonomy":"post_tag","embeddable":true,"href":"https:\/\/uit-ci.org\/index.php\/wp-json\/wp\/v2\/tags?post=889"}],"curies":[{"name":"wp","href":"https:\/\/api.w.org\/{rel}","templated":true}]}}