{"id":8972,"date":"2022-01-28T15:20:03","date_gmt":"2022-01-28T15:20:03","guid":{"rendered":"http:\/\/uit-ci.org\/?p=8972"},"modified":"2022-01-28T16:01:24","modified_gmt":"2022-01-28T16:01:24","slug":"la-izquierda-critica-por-la-libertad","status":"publish","type":"post","link":"https:\/\/uit-ci.org\/index.php\/2022\/01\/28\/la-izquierda-critica-por-la-libertad\/","title":{"rendered":"Cuba: La izquierda cr\u00edtica por la libertad de los presos pol\u00edticos"},"content":{"rendered":"<p>Por <strong>Prensa UIT-CI<\/strong><\/p>\n<p>28\/01\/2022. Ante el avance de los juicios y represiones que sufrieron los manifestantes que se movilizaron el 11 de julio del 2021 en Cuba, compartimos a continuaci\u00f3n, los comunicados de Comunistas y Reclamo Universitario.<\/p>\n<p class=\"post-title entry-title\"><strong>Comunicado de Comunistas sobre los juicios a los manifestantes del 11 de julio de 2021<\/strong><\/p>\n<p>Todo Estado es represor, afirmaba Lenin en su libro El Estado y la Revoluci\u00f3n. A ello hay que agregar algo fundamental: el car\u00e1cter pol\u00edtico del Estado tambi\u00e9n lo determina a cu\u00e1l clase reprime el Estado. Durante la transici\u00f3n al comunismo, el Estado socialista reprime a la burgues\u00eda y la contrarrevoluci\u00f3n; por tanto, el Estado que reprima a la clase trabajadora porque esta proteste exigiendo reclamos econ\u00f3micos, es un Estado distante de ser socialista.<\/p>\n<p>Las jornadas de julio de 2021 precipitaron una crisis pol\u00edtica en Cuba que marcan un parteaguas en su historia. Las multitudes hambreadas que salieron desde las periferias a reclamar por medicamentos, comida, mejoras sociales y econ\u00f3micas en general, se estrellaron contra un sistema pol\u00edtico el cual cada vez m\u00e1s reserva lo revolucionario y socialista solo para el discurso. No se puede pensar como el pueblo sino se vive como el pueblo. La burocracia que agudiz\u00f3 la crisis econ\u00f3mica al imponer la Tarea Ordenamiento es el sector de la sociedad que menos ha sufrido los efectos de sus medidas.<\/p>\n<p>En las jornadas de julio, miles de trabajadoras y trabajadores expresaron en las calles su leg\u00edtimo descontento no escuchado por la burocracia. La explosi\u00f3n del 11 de julio no solo fue producto de la m\u00e1s profunda crisis econ\u00f3mica cubana en 30 a\u00f1os y el recrudecimiento del bloqueo imperialista. Las jornadas de julio tambi\u00e9n fueron producto del descontento acumulado por una larga desatenci\u00f3n social en la mayor\u00eda de los barrios populares: calles destruidas, precarios alumbrado p\u00fablico y alcantarillado; escasas pol\u00edticas culturales dirigidas a las necesidades espirituales de los sectores econ\u00f3micamente vulnerables y una profunda desigualdad socioecon\u00f3mica.<\/p>\n<p>\u00bfQu\u00e9 puede hacer ante ello la clase trabajadora cubana cuando no la escucha la burocracia; cuando sus j\u00f3venes intelectuales cada vez que critican son cuestionados pol\u00edticamente, incluso tildados de contrarrevolucionarios; cuando los sindicatos est\u00e1n lejos de cumplir el mandato de la clase trabajadora y la clase trabajadora est\u00e1 lejos de tener el poder? El 11 de julio no fue m\u00e1s que una expresi\u00f3n desesperada de la clase trabajadora cubana.<\/p>\n<p>Seg\u00fan un informe publicado este 25 de enero en la p\u00e1gina web de la Fiscal\u00eda General de la Rep\u00fablica de Cuba, al menos 790 personas fueron detenidas durante las manifestaciones del 11 de julio o por estar vinculadas de una manera u otra con las protestas. La cifra denota la masividad de las manifestaciones del 11 de julio porque es un hecho que la mayor\u00eda de los manifestantes no fueron apresados.<\/p>\n<p>Desde el triunfo de la Revoluci\u00f3n cubana en 1959, nunca miles de ciudadanos -y en casi todas las principales ciudades del pa\u00eds- hab\u00edan protestado en las calles exigiendo mejoras sociales y econ\u00f3micas. Por tanto, lo que pudiera parecer en el mundo una cifra acostumbrada, resulta en Cuba un hecho pol\u00edtico \u00fanico. Las izquierdas que restan importancia a los sucesos del 11 de julio y hacen o\u00eddos sordos a lo sucedido durante y despu\u00e9s de las protestas, est\u00e1n ajenas a la realidad de la clase trabajadora cubana. Las izquierdas que se han solidarizado con los manifestantes -o al menos interesado detalladamente en las protestas del 11 de julio- cumplen con su compromiso socialista de estar junto a la clase trabajadora. Recordemos a Le\u00f3n Trotski cuando dec\u00eda que identificar a la Revoluci\u00f3n con la burocracia dirigente y no con la clase trabajadora es traicionarla.<\/p>\n<p>A su vez, Comunistas hace expl\u00edcito que nuestro reclamo solidario no va en favor de quienes trabajan para Estados Unidos y pretenden imponer en Cuba una dictadura capitalista pro imperialista y anticomunista. No reclamamos para los Daniel Ferrer y compa\u00f1\u00eda. Tampoco nos unimos a las campa\u00f1as medi\u00e1ticas que lanzan los medios de prensa derechistas y representantes del imperialismo. Nuestro reclamo solidario es por la clase trabajadora, no con quienes conspiran para imponer un sistema que someta a la clase trabajadora bajo la explotaci\u00f3n imperialista. Nuestra cr\u00edtica a la burocracia no es en alianza con la derecha y la contrarrevoluci\u00f3n.<\/p>\n<p>Por otra parte, el discurso de lumpenizaci\u00f3n que el gobierno lanz\u00f3 sobre los manifestantes queda desmontado cuando, seg\u00fan las mismas cifras expuestas en el citado informe de la Fiscal\u00eda General, solo el 21% de los detenidos ten\u00edan antecedentes penales.<\/p>\n<p>De los detenidos, 115 se encuentran en el rango de edad de 16 a 20 a\u00f1os; de ellos 55 son menores de 18 a\u00f1os. La Fiscal\u00eda no ha especificado las penas que se le imputan a los 55 ciudadanos con edad de 16 a 18 a\u00f1os. Desde Comunistas exigimos que se indulte a estos j\u00f3venes que no llegan siquiera a 20 a\u00f1os -en tanto no hayan atentado contra la vida de personas sin que haya sido el ejercicio de su leg\u00edtima defensa-.\u00a0Que 115 de los apresados el 11 de julio tengan menos de 20 a\u00f1os\u00a0evidencia la alta presencia de j\u00f3venes en las protestas del 11 de julio. Que la juventud haya tenido un papel protag\u00f3nico en las manifestaciones del 11 de julio habla de una crisis pol\u00edtica en Cuba.<\/p>\n<p>Desde Comunistas consideramos inaceptable la represi\u00f3n desatada desde el poder hacia los manifestantes, represi\u00f3n que hoy contin\u00faa a trav\u00e9s de los dis\u00edmiles juicios con claras motivaciones pol\u00edticas en curso. Largas penas se est\u00e1n imponiendo como medida ejemplarizante con la finalidad de evitar a trav\u00e9s de la coerci\u00f3n otro posible 11 de julio. Se acude ya no al argumento y la idea revolucionaria para convencer, sino al miedo como l\u00f3gica de sometimiento para vencer. Maquievelo y no Marx se asienta en la estrategia del Partido Comunista de Cuba para enfrentar las protestas del 11 de julio.<\/p>\n<p>La criminalizaci\u00f3n al ejercicio de los derechos es una muestra m\u00e1s de cu\u00e1nto se aleja el Gobierno cubano de la clase trabajadora. Ante los hechos del 11 de julio aumenta la vigencia de la comunista Rosa Luxemburgo cuando alertaba a los bolcheviques que \u201cla libertad solo para quienes apoyan al gobierno, solo para los miembros de un partido (por numeroso que sea) no es libertad en absoluto. La libertad es siempre y exclusivamente libertad para el que piensa de manera diferente\u201d.<\/p>\n<p>Por otra parte, los ciudadanos que a\u00fan sin ser miembros de cuerpos policiales, amparados por el Gobierno golpearon a manifestantes, gozan de una total impunidad o al menos no se ha hecho referencia p\u00fablica a ellos. Sobre esos ciudadanos tambi\u00e9n tiene que caer el peso de la ley. Se desconoce si han sido sancionados efectivos policiales que injustamente hayan ejercido violencia sobre los manifestantes.<\/p>\n<p>Desde Comunistas condenamos la represi\u00f3n desatada contra los manifestantes que exigieron mejoras econ\u00f3micas y sociales participando en las protestas del 11 de julio. Rechazamos las sentencias desproporcionadas lanzadas sobre no pocos de los detenidos a ra\u00edz de las jornadas de julio. Exigimos tambi\u00e9n el indulto para los menores de 20 a\u00f1os que no hayan atentado contra la vida de personas -en tanto no haya sido ejerciendo el derecho a la defensa propia-. Exigimos adem\u00e1s la liberaci\u00f3n de quienes han sido sometidos a juicios injustos. Solicitamos el esclarecimiento p\u00fablico de los hechos cometidos el 11 de julio. Reclamamos la aprobaci\u00f3n inmediata de la ley de manifestaciones para que no sea ilegal el derecho a expresarse en las calles, ni se contin\u00fae criminalizando y atacando pol\u00edticamente a quienes ejerzan el derecho a protesta.<\/p>\n<p>\u00a1Abajo la represi\u00f3n contra la clase trabajadora!<\/p>\n<p>\u00a1Socialismo sin libertad es opresi\u00f3n y censura!<\/p>\n<p>\u00a1Abajo el bloqueo imperialista!<\/p>\n<p>\u00a1Ni burgueses, ni contrarrevoluci\u00f3n, ni bur\u00f3cratas restauracionistas-capitalistas!<\/p>\n<p>\u00a1Trabajadoras y trabajadores al poder!<\/p>\n<p>\u00a1Socialismo y libertad!<\/p>\n<p>\u00a1Hacia el Comunismo!<\/p>\n<p>&nbsp;<\/p>\n<hr \/>\n<p>&nbsp;<\/p>\n<p><em>SOCIALISMO SIN LIBERTAD ES ESCLAVITUD Y BRUTALIDAD<\/em><\/p>\n<p><strong>Comunicado sobre los juicios y la represi\u00f3n a los manifestantes de julio de 2021<\/strong><\/p>\n<p>El socialismo y la opresi\u00f3n, no tienen nada que ver; la liberaci\u00f3n y el empoderamiento de la clase trabajadora y la represi\u00f3n del Estado a sectores marginados y empobrecidos, tampoco. Digamos que sus l\u00f3gicas y presupuestos son hasta antag\u00f3nicos. Los sucesos de julio de 2021 precipitaron fen\u00f3menos sociopol\u00edticos en Cuba que marcan un parteaguas en su historia. Las multitudes hambreadas que salieron desde la periferias a reclamar por medicamentos, comida y libertad, se estrellaron contra un sistema pol\u00edtico que se reserva lo revolucionario y socialista solo para el discurso.<\/p>\n<p>Cientos de personas fueron detenidas por ejercer no solo su derecho a manifestarse, sino tambi\u00e9n sus libertades democr\u00e1ticas. A\u00fan no han sido esclarecido p\u00fablicamente los sucesos, pues la burocracia en su ya acostumbrada falta de transparencia se ha mantenido en un silencio vergonzoso, una zona de confort que desconoce el sentir popular. No s\u00e9 puede pensar como el pueblo, sino se vive como el pueblo. Los mismos que generan las crisis son quienes menos las sufren \u00bfQu\u00e9 puede hacer ante ello la clase trabajadora cubana?<\/p>\n<p>Consideramos inaceptable la represi\u00f3n desatada desde el poder hacia los manifestantes, represi\u00f3n que hoy contin\u00faa a trav\u00e9s de los dis\u00edmiles juicios con claras motivaciones pol\u00edticas en curso. Largas y rid\u00edculas penas se est\u00e1n imponiendo c\u00f3mo medida ejemplarizante, se acude ya no al argumento y la idea revolucionaria para convencer, sino al miedo como l\u00f3gica de sometimiento para vencer. Maquievelo y no el marxismo, se asienta en la estrategia del PCC.<\/p>\n<p>Convencidos como Bakunin de que la libertad sin socialismo es privilegio e injusticia y que socialismo sin libertad es esclavitud y brutalidad, exigimos la liberaci\u00f3n de los manifestantes del 11 de julio y el cese de los juicios pol\u00edticos. La criminalizaci\u00f3n al ejercicio de los derechos es una muestra m\u00e1s de cu\u00e1nto se aleja este orden pol\u00edtico del marxismo. Recordando la certeza de Le\u00f3n Trotski de que identificar a la Revoluci\u00f3n con la burocracia dirigente y no con la clase trabajadora es traicionarla, llamamos a la solidaridad con los que est\u00e1n detenidos y con los que han sido condenados por la burocracia burguesa partidista.<\/p>\n<p>\u00a1Socialismo y libertad!<br \/>\n\u00a1Abajo la represi\u00f3n!<\/p>\n<p>Reclamo Universitario<\/p>\n","protected":false},"excerpt":{"rendered":"<p>Por Prensa UIT-CI 28\/01\/2022. Ante el avance de los juicios y represiones que sufrieron los manifestantes que se movilizaron el 11 de julio del 2021 en Cuba, compartimos a continuaci\u00f3n, los comunicados de Comunistas y Reclamo Universitario. Comunicado de Comunistas sobre los juicios a los manifestantes del 11 de julio de 2021 Todo Estado es [&hellip;]<\/p>\n","protected":false},"author":2,"featured_media":8970,"comment_status":"closed","ping_status":"closed","sticky":false,"template":"","format":"standard","meta":[],"categories":[20],"tags":[908,600,479,909,910,845,911,483,653,912,477],"_links":{"self":[{"href":"https:\/\/uit-ci.org\/index.php\/wp-json\/wp\/v2\/posts\/8972"}],"collection":[{"href":"https:\/\/uit-ci.org\/index.php\/wp-json\/wp\/v2\/posts"}],"about":[{"href":"https:\/\/uit-ci.org\/index.php\/wp-json\/wp\/v2\/types\/post"}],"author":[{"embeddable":true,"href":"https:\/\/uit-ci.org\/index.php\/wp-json\/wp\/v2\/users\/2"}],"replies":[{"embeddable":true,"href":"https:\/\/uit-ci.org\/index.php\/wp-json\/wp\/v2\/comments?post=8972"}],"version-history":[{"count":3,"href":"https:\/\/uit-ci.org\/index.php\/wp-json\/wp\/v2\/posts\/8972\/revisions"}],"predecessor-version":[{"id":8980,"href":"https:\/\/uit-ci.org\/index.php\/wp-json\/wp\/v2\/posts\/8972\/revisions\/8980"}],"wp:featuredmedia":[{"embeddable":true,"href":"https:\/\/uit-ci.org\/index.php\/wp-json\/wp\/v2\/media\/8970"}],"wp:attachment":[{"href":"https:\/\/uit-ci.org\/index.php\/wp-json\/wp\/v2\/media?parent=8972"}],"wp:term":[{"taxonomy":"category","embeddable":true,"href":"https:\/\/uit-ci.org\/index.php\/wp-json\/wp\/v2\/categories?post=8972"},{"taxonomy":"post_tag","embeddable":true,"href":"https:\/\/uit-ci.org\/index.php\/wp-json\/wp\/v2\/tags?post=8972"}],"curies":[{"name":"wp","href":"https:\/\/api.w.org\/{rel}","templated":true}]}}