{"id":9447,"date":"2022-03-07T17:21:18","date_gmt":"2022-03-07T17:21:18","guid":{"rendered":"http:\/\/uit-ci.org\/?p=9447"},"modified":"2022-03-07T17:21:18","modified_gmt":"2022-03-07T17:21:18","slug":"por-um-movimento-mundial-unitario-por-fora-as-tropas-de-putin-da-ucrania-em-apoio-a-resistencia-do-povo-ucraniano-nao-a-otan","status":"publish","type":"post","link":"https:\/\/uit-ci.org\/index.php\/2022\/03\/07\/por-um-movimento-mundial-unitario-por-fora-as-tropas-de-putin-da-ucrania-em-apoio-a-resistencia-do-povo-ucraniano-nao-a-otan\/?lang=pt-br","title":{"rendered":"Por um movimento mundial unit\u00e1rio por: Fora as tropas de Putin da Ucr\u00e2nia! Em apoio \u00e0 resist\u00eancia do povo ucraniano! N\u00e3o \u00e0 OTAN!"},"content":{"rendered":"<p><strong>\u00c0s organiza\u00e7\u00f5es sindicais e do movimento oper\u00e1rio e popular<\/strong><\/p>\n<p><strong>\u00c0s organiza\u00e7\u00f5es de esquerda<\/strong><\/p>\n<p>&nbsp;<\/p>\n<p>A invas\u00e3o da Ucr\u00e2nia pela R\u00fassia deve ser denunciada por todas as organiza\u00e7\u00f5es que se reivindicam de esquerda e do movimento oper\u00e1rio e popular. N\u00e3o h\u00e1 desculpa alguma que possa justificar o massacre e a destrui\u00e7\u00e3o que est\u00e3o sendo levados adiante por Vladimir Putin com esta guerra. Apoiamos as mobiliza\u00e7\u00f5es em todo o mundo pela expuls\u00e3o das tropas invasoras de Putin. Apoiamos a resist\u00eancia ucraniana para que a invas\u00e3o seja derrotada. Defendemos o direito \u00e0 defesa e \u00e0 autodetermina\u00e7\u00e3o do povo ucraniano.<\/p>\n<p>Repudiamos a agress\u00e3o russa a partir de uma posi\u00e7\u00e3o de recha\u00e7o a qualquer inger\u00eancia do imperialismo norte-americano e europeu na Ucr\u00e2nia. A partir de uma posi\u00e7\u00e3o independente de seus governos, denunciando sua for\u00e7a militar: a OTAN. N\u00f3s, que estivemos, por exemplo, na luta para derrotar a invas\u00e3o do Iraque pelos Estados Unidos e defendemos o direito do povo iraquiano de repelir a agress\u00e3o, hoje levantamos a voz contra outra invas\u00e3o igualmente infame. Naquele momento, fizemo-nos sem endossar a pol\u00edtica de Saddam Hussein. Da mesma forma, agora o nosso apoio \u00e0 resist\u00eancia do povo ucraniano n\u00e3o tem nada a ver com dar apoio pol\u00edtico nem depositar confian\u00e7a no governo capitalista de Volodymyr Zelensky.<\/p>\n<p>A partir dessa posi\u00e7\u00e3o independente, propomos impulsionar um amplo movimento de unidade de a\u00e7\u00e3o por esses pontos, aberto a somar outros (ruptura de rela\u00e7\u00f5es diplom\u00e1ticas com a R\u00fassia, liberdade para os presos por repudiar a guerra na R\u00fassia), para coordenar um plano de a\u00e7\u00f5es a n\u00edvel internacional. Por isso, propomos que nos coloquemos em contato e assinemos uma declara\u00e7\u00e3o comum e um plano de a\u00e7\u00f5es coordenadas.<\/p>\n<p>&nbsp;<\/p>\n<p style=\"text-align: right;\"><strong>Secretariado Internacional (SI) da UIT-QI (Unidade Internacional de Trabalhadoras e Trabalhadores \u2013 Quarta Internacional)<\/strong><br \/>\n05 de mar\u00e7o de 2022<br \/>\nwww.uit-ci.org<br \/>\nwww.twitter.com\/uitci<\/p>\n","protected":false},"excerpt":{"rendered":"<p>\u00c0s organiza\u00e7\u00f5es sindicais e do movimento oper\u00e1rio e popular \u00c0s organiza\u00e7\u00f5es de esquerda &nbsp; A invas\u00e3o da Ucr\u00e2nia pela R\u00fassia deve ser denunciada por todas as organiza\u00e7\u00f5es que se reivindicam de esquerda e do movimento oper\u00e1rio e popular. N\u00e3o h\u00e1 desculpa alguma que possa justificar o massacre e a destrui\u00e7\u00e3o que est\u00e3o sendo levados adiante [&hellip;]<\/p>\n","protected":false},"author":1,"featured_media":9429,"comment_status":"closed","ping_status":"closed","sticky":false,"template":"","format":"standard","meta":[],"categories":[],"tags":[],"_links":{"self":[{"href":"https:\/\/uit-ci.org\/index.php\/wp-json\/wp\/v2\/posts\/9447"}],"collection":[{"href":"https:\/\/uit-ci.org\/index.php\/wp-json\/wp\/v2\/posts"}],"about":[{"href":"https:\/\/uit-ci.org\/index.php\/wp-json\/wp\/v2\/types\/post"}],"author":[{"embeddable":true,"href":"https:\/\/uit-ci.org\/index.php\/wp-json\/wp\/v2\/users\/1"}],"replies":[{"embeddable":true,"href":"https:\/\/uit-ci.org\/index.php\/wp-json\/wp\/v2\/comments?post=9447"}],"version-history":[{"count":1,"href":"https:\/\/uit-ci.org\/index.php\/wp-json\/wp\/v2\/posts\/9447\/revisions"}],"predecessor-version":[{"id":9448,"href":"https:\/\/uit-ci.org\/index.php\/wp-json\/wp\/v2\/posts\/9447\/revisions\/9448"}],"wp:featuredmedia":[{"embeddable":true,"href":"https:\/\/uit-ci.org\/index.php\/wp-json\/wp\/v2\/media\/9429"}],"wp:attachment":[{"href":"https:\/\/uit-ci.org\/index.php\/wp-json\/wp\/v2\/media?parent=9447"}],"wp:term":[{"taxonomy":"category","embeddable":true,"href":"https:\/\/uit-ci.org\/index.php\/wp-json\/wp\/v2\/categories?post=9447"},{"taxonomy":"post_tag","embeddable":true,"href":"https:\/\/uit-ci.org\/index.php\/wp-json\/wp\/v2\/tags?post=9447"}],"curies":[{"name":"wp","href":"https:\/\/api.w.org\/{rel}","templated":true}]}}