{"id":98,"date":"2012-04-26T01:40:05","date_gmt":"2012-04-26T01:40:05","guid":{"rendered":"http:\/\/uit-ci.org\/index.php\/2012\/04\/26\/la-revolucion-arabe-y-el-final-de-kadafi\/"},"modified":"2012-04-26T01:40:05","modified_gmt":"2012-04-26T01:40:05","slug":"la-revolucion-arabe-y-el-final-de-kadafi","status":"publish","type":"post","link":"https:\/\/uit-ci.org\/index.php\/2012\/04\/26\/la-revolucion-arabe-y-el-final-de-kadafi\/","title":{"rendered":"La revoluci\u00f3n \u00e1rabe y el final de Kadafi"},"content":{"rendered":"<p><strong>Por Miguel Sorans de Izquierda Socialista (UIT-CI), de Argentina<\/strong><\/p>\n<p><img loading=\"lazy\" class=\" alignleft size-full wp-image-96\" style=\"float: left;\" src=\"http:\/\/uit-ci.org\/wp-content\/uploads\/2012\/04\/Festejos-en-Libia.jpg\" alt=\"Festejos en Libia\" height=\"160\" width=\"240\" srcset=\"https:\/\/uit-ci.org\/wp-content\/uploads\/2012\/04\/Festejos-en-Libia.jpg 400w, https:\/\/uit-ci.org\/wp-content\/uploads\/2012\/04\/Festejos-en-Libia-300x200.jpg 300w\" sizes=\"(max-width: 240px) 100vw, 240px\" \/><\/p>\n<p><strong>&nbsp;&nbsp;&nbsp;&nbsp;&nbsp;<\/strong><strong>&nbsp;<\/strong>La muerte de Kadafi ratifica el fin de la dictadura que, en realidad, se hab\u00eda producido en agosto cuando los milicianos del pueblo rebelde tomaron Tr\u00edpoli. Fue solo el \u00faltimo cap\u00edtulo de su ca\u00edda. Por eso termin\u00f3<\/p>\n<p>  <!--more-->  <\/p>\n<p>&nbsp; refugiado en una alcantarilla, casi en soledad y solo armado con una pistola de oro.<br \/>&nbsp;&nbsp;&nbsp;&nbsp; La im\u00e1genes del final del otrora poderoso Kadafi, fruto de un video casero de un combatiente, ratifican tambi\u00e9n que fue el pueblo rebelde armado y no la OTAN los que terminaron con este d\u00e9spota. Durante horas las cadenas noticiosas dieron la versi\u00f3n de muerto por un bombardeo de la OTAN. Pero las im\u00e1genes lo desmintieron. Fueron los combatientes los que lo capturaron y resolvieron su final. Ni el gobierno libio del CNT ni el imperialismo pudieron dar ninguna orden ni participar de esta resoluci\u00f3n. Bast\u00f3 ver a Hillary Clinton sorprenderse de la noticia, mirando su Blackberry, para confirmarlo.<br \/>&nbsp;&nbsp;&nbsp;&nbsp; No es un hecho menor sino la confirmaci\u00f3n de que en Libia hubo un triunfo de una revoluci\u00f3n democr\u00e1tica, que es parte de la \u201cprimavera \u00e1rabe\u201d que se inici\u00f3 en T\u00fanez y Egipto. Los bombardeos de la OTAN en Libia siempre tuvieron el objetivo de buscar una negociaci\u00f3n entre Kadafi y los opositores para evitar que triunfara una nueva revoluci\u00f3n \u00e1rabe, pero esta vez de un pueblo armado. En realidad trataban de salvar a un amigo. Por eso tampoco la OTAN nunca dio armas a los rebeldes que se armaron con lo que encontraban a su paso.<br \/>&nbsp;&nbsp;&nbsp;&nbsp; Kadafi era un ex nacionalista burgu\u00e9s (al estilo Nasser, Per\u00f3n o Ch\u00e1vez hoy) devenido, desde los 90, en aliado y agente del imperialismo y las multinacionales del petr\u00f3leo. Es lamentable que a\u00fan existan dirigentes pol\u00edticos, como el presidente Hugo Ch\u00e1vez, que definan al dictador y asesino de Kadafi como un \u201dm\u00e1rtir\u201d de la revoluci\u00f3n y del antiimperialismo. Hasta los documentos encontrados en su ex bunker, demostraron que fue agente de la CIA y que, durante la guerra civil, lo asesoraban ex funcionarios de Bush.<br \/>&nbsp;&nbsp;&nbsp;&nbsp; La muerte de Kadafi no da por terminada la revoluci\u00f3n en Libia ni en los dem\u00e1s pa\u00edses \u00e1rabes. Eso es lo que pretenden el imperialismo y los nuevos gobiernos capitalistas que se hicieron del poder en Egipto, T\u00fanez y Libia. Los Obama, Sarkozy o Berlusconi, que antes apoyaban a los dictadores \u00e1rabes ahora proclaman que ya \u201ctriunf\u00f3 la democracia\u201d para pasar a sostener a los nuevos gobiernos y pactar con ellos la continuidad de las multinacionales y los planes de ajuste a los pueblos.<br \/>En realidad el proceso revolucionario \u00e1rabe continua y en \u00e9l se combinan distintas tareas. En Siria, Yemen, Bahrein, Argelia, Marruecos y otros pa\u00edses, sigue la lucha por terminar con sus dictaduras. En especial, la tarea de apoyar durante la guerra civil la lucha de los pueblos por derribar al carnicero sirio de Bashar Al Assad y al r\u00e9gimen dictatorial de Saleh de Yemen. En T\u00fanez, Egipto y Libia la tarea de los pueblos pasa por enfrentar a los nuevos gobiernos que quieren congelar las revoluciones y que no se salga de los marcos del capitalismo.<img loading=\"lazy\" class=\" alignright size-full wp-image-97\" alt=\"El cuerpo de Kadafi\" style=\"float: right;\" src=\"http:\/\/uit-ci.org\/wp-content\/uploads\/2012\/04\/El-cuerpo-de-Kadafi.jpg\" height=\"110\" width=\"240\" srcset=\"https:\/\/uit-ci.org\/wp-content\/uploads\/2012\/04\/El-cuerpo-de-Kadafi.jpg 444w, https:\/\/uit-ci.org\/wp-content\/uploads\/2012\/04\/El-cuerpo-de-Kadafi-300x138.jpg 300w\" sizes=\"(max-width: 240px) 100vw, 240px\" \/>&nbsp;&nbsp;&nbsp;&nbsp; En Libia, el gobierno del Consejo Nacional de Transici\u00f3n (CNT) est\u00e1 integrado por ex ministros de Kadafi y ha pactado con la OTAN y el imperialismo seguir los negocios petroleros. Por eso se inicia un nuevo cap\u00edtulo de la revoluci\u00f3n. El pueblo libio que luch\u00f3 para tener libertades, control sobre el petr\u00f3leo y un mejor nivel de vida, va a ver defraudadas sus expectativas y terminar\u00e1 enfrentado al nuevo gobierno. Esto ya empieza a suceder en T\u00fanez y Egipto donde la juventud y los trabajadores no ven cambios sustanciales en su situaci\u00f3n social. Ninguna multinacional ha sido expropiada. En T\u00fanez y Egipto se han dado huelgas por reclamos salariales o por trabajo. Solo en T\u00fanez se han registrado m\u00e1s de 1500 conflictos laborales luego de la ca\u00edda de la dictadura. En el Cairo, los estudiantes salieron a reclamar reformas al sistema educativo. La juventud fue reprimida cuando tomaron la embajada de Israel reclamando una ruptura de relaciones con el sionismo.<br \/>&nbsp;&nbsp;&nbsp;&nbsp; Por eso, en T\u00fanez, Egipto y Libia, la tarea de los socialistas revolucionarios es apoyar la movilizaci\u00f3n de los trabajadores y la juventud por un programa de lucha para lograr salario, trabajo, salud y educaci\u00f3n para todos, por la expropiaci\u00f3n de las multinacionales y de los bienes de los ex gobernantes, los militares, y sus familias por el juzgamiento y la c\u00e1rcel a todos los genocidas, en la perspectiva de lograr un nuevo poder de los trabajadores, la juventud y el pueblo.<br \/>En ese camino hay que fortalecer y desarrollar todas las formas de autoorganizaci\u00f3n como los comit\u00e9s revolucionarios y las milicias populares de Libia; las organizaciones juveniles o los nuevos sindicatos independientes como los que han surgido en T\u00fanez y Egipto.<\/p>\n","protected":false},"excerpt":{"rendered":"<p>Por Miguel Sorans de Izquierda Socialista (UIT-CI), de Argentina &nbsp;&nbsp;&nbsp;&nbsp;&nbsp;&nbsp;La muerte de Kadafi ratifica el fin de la dictadura que, en realidad, se hab\u00eda producido en agosto cuando los milicianos del pueblo rebelde tomaron Tr\u00edpoli. Fue solo el \u00faltimo cap\u00edtulo de su ca\u00edda. Por eso termin\u00f3<\/p>\n","protected":false},"author":1,"featured_media":96,"comment_status":"open","ping_status":"open","sticky":false,"template":"","format":"standard","meta":[],"categories":[18],"tags":[],"_links":{"self":[{"href":"https:\/\/uit-ci.org\/index.php\/wp-json\/wp\/v2\/posts\/98"}],"collection":[{"href":"https:\/\/uit-ci.org\/index.php\/wp-json\/wp\/v2\/posts"}],"about":[{"href":"https:\/\/uit-ci.org\/index.php\/wp-json\/wp\/v2\/types\/post"}],"author":[{"embeddable":true,"href":"https:\/\/uit-ci.org\/index.php\/wp-json\/wp\/v2\/users\/1"}],"replies":[{"embeddable":true,"href":"https:\/\/uit-ci.org\/index.php\/wp-json\/wp\/v2\/comments?post=98"}],"version-history":[{"count":0,"href":"https:\/\/uit-ci.org\/index.php\/wp-json\/wp\/v2\/posts\/98\/revisions"}],"wp:featuredmedia":[{"embeddable":true,"href":"https:\/\/uit-ci.org\/index.php\/wp-json\/wp\/v2\/media\/96"}],"wp:attachment":[{"href":"https:\/\/uit-ci.org\/index.php\/wp-json\/wp\/v2\/media?parent=98"}],"wp:term":[{"taxonomy":"category","embeddable":true,"href":"https:\/\/uit-ci.org\/index.php\/wp-json\/wp\/v2\/categories?post=98"},{"taxonomy":"post_tag","embeddable":true,"href":"https:\/\/uit-ci.org\/index.php\/wp-json\/wp\/v2\/tags?post=98"}],"curies":[{"name":"wp","href":"https:\/\/api.w.org\/{rel}","templated":true}]}}